{"id":81,"date":"2020-03-08T17:00:22","date_gmt":"2020-03-08T17:00:22","guid":{"rendered":"http:\/\/birgit-gropp.de\/dev\/?p=81"},"modified":"2022-12-07T16:44:43","modified_gmt":"2022-12-07T16:44:43","slug":"arbeitsbeispiele","status":"publish","type":"post","link":"https:\/\/www.birgit-gropp.de\/?p=81","title":{"rendered":"Arbeitsbeispiele"},"content":{"rendered":"\n<p><a href=\"#eigene\">Eigene Publikationen<\/a><br><a href=\"#lektorat\">Lektorat \/ Redaktion<\/a><br><a href=\"#ausstellungen\">Ausstellungen<\/a><\/p>\n\n\n\n<a name=\"eigene\"><\/a>\n\n\n\n<h2>Publikationen<\/h2>\n\n\n\n<figure class=\"wp-block-table tab_pic_down\"><table><tbody><tr><td class=\"has-text-align-left\" data-align=\"left\"> <img src=\"https:\/\/i2.wp.com\/www.birgit-gropp.de\/dev\/wp-content\/uploads\/2022\/09\/Ausschnitt_Titel-Harkotten.jpg?w=970&#038;ssl=1\" alt=\"\" style=\"width: 240px;\" data-recalc-dims=\"1\"><\/td><td class=\"has-text-align-left\" data-align=\"left\">Adel und Alltag um 1800<br><strong>Haus Harkotten auf dem Weg in die Moderne<\/strong><br>hrsg. vom Verein Freunde und F\u00f6rderer des Denkmals Harkotten <br>durch Birgit Gropp<br>Imhof Verlag, Petersberg 2022<br><a href=\"https:\/\/www.imhofverlag.de\/buecher\/herrenhaus-harkotten\/\">Blick ins Buch<\/a><br><\/td><\/tr><\/tbody><\/table><\/figure>\n\n\n\n<hr class=\"wp-block-separator\"\/>\n\n\n\n<figure class=\"wp-block-table tab_pic_up\"><table><tbody><tr><td class=\"has-text-align-left\" data-align=\"left\">Birgit Gropp<br><strong>\u201evon Rincklake gemalt<strong>\u201d<\/strong> und <strong>\u201e<\/strong>als Familienbilder zu betrachten<strong>\u201d<\/strong>.<\/strong><br>Portr\u00e4ts im Herrenhaus Harkotten-von Korff<br>in: Saskia Timmas, Birgit Gropp, Walter G\u00f6dden<br><strong>wir_sind_rincklake<\/strong><br>Portr\u00e4tmalerei im Selfiezeitalter<br>Ausst.-Kat. Liesborn\/Sassenberg\/Oelde 2022, S. 24-37<\/td><td class=\"has-text-align-right\" data-align=\"right\"> <img src=\"https:\/\/i0.wp.com\/www.birgit-gropp.de\/dev\/wp-content\/uploads\/2022\/09\/Titel_Rincklake.jpg?w=970&#038;ssl=1\" alt=\"\" style=\"width: 220px;\" data-recalc-dims=\"1\"><\/td><\/tr><\/tbody><\/table><\/figure>\n\n\n\n<hr class=\"wp-block-separator\"\/>\n\n\n\n<figure class=\"wp-block-table tab_pic_down\"><table><tbody><tr><td class=\"has-text-align-left\" data-align=\"left\"> <img data-attachment-id=\"265\" data-permalink=\"https:\/\/www.birgit-gropp.de\/?attachment_id=265\" data-orig-file=\"https:\/\/i0.wp.com\/www.birgit-gropp.de\/dev\/wp-content\/uploads\/2020\/03\/Neues-Bauen.jpg?fit=549%2C798&amp;ssl=1\" data-orig-size=\"549,798\" data-comments-opened=\"0\" data-image-meta=\"{&quot;aperture&quot;:&quot;0&quot;,&quot;credit&quot;:&quot;Birgit Gropp&quot;,&quot;camera&quot;:&quot;&quot;,&quot;caption&quot;:&quot;&quot;,&quot;created_timestamp&quot;:&quot;1536765693&quot;,&quot;copyright&quot;:&quot;&quot;,&quot;focal_length&quot;:&quot;0&quot;,&quot;iso&quot;:&quot;0&quot;,&quot;shutter_speed&quot;:&quot;0&quot;,&quot;title&quot;:&quot;&quot;,&quot;orientation&quot;:&quot;0&quot;}\" data-image-title=\"Neues-Bauen\" data-image-description=\"\" data-medium-file=\"https:\/\/i0.wp.com\/www.birgit-gropp.de\/dev\/wp-content\/uploads\/2020\/03\/Neues-Bauen.jpg?fit=206%2C300&amp;ssl=1\" data-large-file=\"https:\/\/i0.wp.com\/www.birgit-gropp.de\/dev\/wp-content\/uploads\/2020\/03\/Neues-Bauen.jpg?fit=549%2C798&amp;ssl=1\" loading=\"lazy\" width=\"549\" height=\"798\" class=\"wp-image-265\" style=\"width: 230px;\" src=\"https:\/\/i1.wp.com\/birgit-gropp.de\/dev\/wp-content\/uploads\/2020\/03\/Neues-Bauen.jpg?resize=549%2C798\" alt=\"\" srcset=\"https:\/\/i0.wp.com\/www.birgit-gropp.de\/dev\/wp-content\/uploads\/2020\/03\/Neues-Bauen.jpg?w=549&amp;ssl=1 549w, https:\/\/i0.wp.com\/www.birgit-gropp.de\/dev\/wp-content\/uploads\/2020\/03\/Neues-Bauen.jpg?resize=206%2C300&amp;ssl=1 206w, https:\/\/i0.wp.com\/www.birgit-gropp.de\/dev\/wp-content\/uploads\/2020\/03\/Neues-Bauen.jpg?resize=500%2C727&amp;ssl=1 500w\" sizes=\"(max-width: 549px) 100vw, 549px\" data-recalc-dims=\"1\" \/><\/td><td class=\"has-text-align-left\" data-align=\"left\">Birgit Gropp \/ Marco Kieser \/ Sven Kuhrau<br><strong>Neues Bauen im Rheinland<\/strong><br>Ein F\u00fchrer zur Architektur der klassischen Moderne<br>Imhof Verlag, Petersberg 2019<br><a href=\"https:\/\/www.imhofverlag.de\/buecher\/neues-bauen-im-rheinland\/\" data-type=\"URL\" data-id=\"https:\/\/www.imhofverlag.de\/buecher\/neues-bauen-im-rheinland\/\">Blick ins Buch<\/a><br><a href=\"https:\/\/www.bauwelt.de\/rubriken\/buecher\/Neues-Bauen-im-Rheinland-Architekturfuehrer-Moderne-3586542.html\">Rezension in der &#8222;bauwelt&#8220;<\/a><br><\/td><\/tr><\/tbody><\/table><\/figure>\n\n\n\n<hr class=\"wp-block-separator\"\/>\n\n\n\n<figure class=\"wp-block-table tab_pic_up\"><table><tbody><tr><td class=\"has-text-align-left\" data-align=\"left\">Birgit Gropp \/ Jochen Grywatsch \/ Michael Huyer \/  Fred Kaspar <br><strong>Burg H\u00fclshoff<\/strong><br>Westf\u00e4lische Kunstst\u00e4tten 116<br>M\u00fcnster 2017 <\/td><td class=\"has-text-align-right\" data-align=\"right\"> <img data-attachment-id=\"264\" data-permalink=\"https:\/\/www.birgit-gropp.de\/?attachment_id=264\" data-orig-file=\"https:\/\/i0.wp.com\/www.birgit-gropp.de\/dev\/wp-content\/uploads\/2020\/03\/Burg-H\u00fclshoff.jpg?fit=425%2C615&amp;ssl=1\" data-orig-size=\"425,615\" data-comments-opened=\"0\" data-image-meta=\"{&quot;aperture&quot;:&quot;0&quot;,&quot;credit&quot;:&quot;Birgit Gropp&quot;,&quot;camera&quot;:&quot;&quot;,&quot;caption&quot;:&quot;&quot;,&quot;created_timestamp&quot;:&quot;1536784634&quot;,&quot;copyright&quot;:&quot;&quot;,&quot;focal_length&quot;:&quot;0&quot;,&quot;iso&quot;:&quot;0&quot;,&quot;shutter_speed&quot;:&quot;0&quot;,&quot;title&quot;:&quot;&quot;,&quot;orientation&quot;:&quot;0&quot;}\" data-image-title=\"Burg-H\u00fclshoff\" data-image-description=\"\" data-medium-file=\"https:\/\/i0.wp.com\/www.birgit-gropp.de\/dev\/wp-content\/uploads\/2020\/03\/Burg-H\u00fclshoff.jpg?fit=207%2C300&amp;ssl=1\" data-large-file=\"https:\/\/i0.wp.com\/www.birgit-gropp.de\/dev\/wp-content\/uploads\/2020\/03\/Burg-H\u00fclshoff.jpg?fit=425%2C615&amp;ssl=1\" loading=\"lazy\" width=\"425\" height=\"615\" class=\"wp-image-264\" style=\"width: 230px;\" src=\"https:\/\/i2.wp.com\/birgit-gropp.de\/dev\/wp-content\/uploads\/2020\/03\/Burg-H\u00fclshoff.jpg?resize=425%2C615\" alt=\"\" srcset=\"https:\/\/i0.wp.com\/www.birgit-gropp.de\/dev\/wp-content\/uploads\/2020\/03\/Burg-H\u00fclshoff.jpg?w=425&amp;ssl=1 425w, https:\/\/i0.wp.com\/www.birgit-gropp.de\/dev\/wp-content\/uploads\/2020\/03\/Burg-H\u00fclshoff.jpg?resize=207%2C300&amp;ssl=1 207w\" sizes=\"(max-width: 425px) 100vw, 425px\" data-recalc-dims=\"1\" \/><\/td><\/tr><\/tbody><\/table><\/figure>\n\n\n\n<hr class=\"wp-block-separator\"\/>\n\n\n\n<figure class=\"wp-block-table tab_pic_down\"><table><tbody><tr><td><img data-attachment-id=\"231\" data-permalink=\"https:\/\/www.birgit-gropp.de\/?attachment_id=231\" data-orig-file=\"https:\/\/i1.wp.com\/www.birgit-gropp.de\/dev\/wp-content\/uploads\/2020\/03\/AB_TitelGOMSland.jpg?fit=1260%2C2286&amp;ssl=1\" data-orig-size=\"1260,2286\" data-comments-opened=\"0\" data-image-meta=\"{&quot;aperture&quot;:&quot;0&quot;,&quot;credit&quot;:&quot;&quot;,&quot;camera&quot;:&quot;&quot;,&quot;caption&quot;:&quot;&quot;,&quot;created_timestamp&quot;:&quot;0&quot;,&quot;copyright&quot;:&quot;&quot;,&quot;focal_length&quot;:&quot;0&quot;,&quot;iso&quot;:&quot;0&quot;,&quot;shutter_speed&quot;:&quot;0&quot;,&quot;title&quot;:&quot;SU_gehOrteM\\u00fcnsterland_rot.indd&quot;,&quot;orientation&quot;:&quot;1&quot;}\" data-image-title=\"SU_gehOrteM\u00fcnsterland_rot.indd\" data-image-description=\"\" data-medium-file=\"https:\/\/i1.wp.com\/www.birgit-gropp.de\/dev\/wp-content\/uploads\/2020\/03\/AB_TitelGOMSland.jpg?fit=165%2C300&amp;ssl=1\" data-large-file=\"https:\/\/i1.wp.com\/www.birgit-gropp.de\/dev\/wp-content\/uploads\/2020\/03\/AB_TitelGOMSland.jpg?fit=564%2C1024&amp;ssl=1\" loading=\"lazy\" width=\"970\" height=\"1760\" class=\"wp-image-231\" style=\"width: 190px;\" src=\"https:\/\/i1.wp.com\/birgit-gropp.de\/dev\/wp-content\/uploads\/2020\/03\/AB_TitelGOMSland.jpg?resize=970%2C1760\" alt=\"\" srcset=\"https:\/\/i1.wp.com\/www.birgit-gropp.de\/dev\/wp-content\/uploads\/2020\/03\/AB_TitelGOMSland.jpg?w=1260&amp;ssl=1 1260w, https:\/\/i1.wp.com\/www.birgit-gropp.de\/dev\/wp-content\/uploads\/2020\/03\/AB_TitelGOMSland.jpg?resize=165%2C300&amp;ssl=1 165w, https:\/\/i1.wp.com\/www.birgit-gropp.de\/dev\/wp-content\/uploads\/2020\/03\/AB_TitelGOMSland.jpg?resize=564%2C1024&amp;ssl=1 564w, https:\/\/i1.wp.com\/www.birgit-gropp.de\/dev\/wp-content\/uploads\/2020\/03\/AB_TitelGOMSland.jpg?resize=768%2C1393&amp;ssl=1 768w, https:\/\/i1.wp.com\/www.birgit-gropp.de\/dev\/wp-content\/uploads\/2020\/03\/AB_TitelGOMSland.jpg?resize=847%2C1536&amp;ssl=1 847w, https:\/\/i1.wp.com\/www.birgit-gropp.de\/dev\/wp-content\/uploads\/2020\/03\/AB_TitelGOMSland.jpg?resize=1129%2C2048&amp;ssl=1 1129w, https:\/\/i1.wp.com\/www.birgit-gropp.de\/dev\/wp-content\/uploads\/2020\/03\/AB_TitelGOMSland.jpg?resize=500%2C907&amp;ssl=1 500w\" sizes=\"(max-width: 970px) 100vw, 970px\" data-recalc-dims=\"1\" \/><\/td><td>Birgit Gropp<br><strong>Geheime Orte im M\u00fcnsterland<\/strong><br>Ein Ausflugsf\u00fchrer f\u00fcr die ganze Familie<br>Nicolai Verlag, Berlin 2015<br>(Konzeption, Bildredaktion, Autorin)<a href=\"https:\/\/www.birgit-gropp.de\/dev\/wp-content\/uploads\/2020\/06\/Geheime-Orte-Probe.pdf\"><br>Blick ins Buch<\/a><br><\/td><\/tr><\/tbody><\/table><\/figure>\n\n\n\n<hr class=\"wp-block-separator\"\/>\n\n\n\n<figure class=\"wp-block-table tab_pic_up\"><table><tbody><tr><td>Bennie Priddy \/ Birgit Gropp<br><strong>Abtei Liesborn<\/strong><br>Westf\u00e4lische Kunstst\u00e4tten 115<br>M\u00fcnster 2014 <\/td><td><img data-attachment-id=\"261\" data-permalink=\"https:\/\/www.birgit-gropp.de\/?attachment_id=261\" data-orig-file=\"https:\/\/i2.wp.com\/www.birgit-gropp.de\/dev\/wp-content\/uploads\/2020\/03\/Liesborn.jpg?fit=1711%2C2355&amp;ssl=1\" data-orig-size=\"1711,2355\" data-comments-opened=\"0\" data-image-meta=\"{&quot;aperture&quot;:&quot;0&quot;,&quot;credit&quot;:&quot;&quot;,&quot;camera&quot;:&quot;&quot;,&quot;caption&quot;:&quot;&quot;,&quot;created_timestamp&quot;:&quot;0&quot;,&quot;copyright&quot;:&quot;&quot;,&quot;focal_length&quot;:&quot;0&quot;,&quot;iso&quot;:&quot;0&quot;,&quot;shutter_speed&quot;:&quot;0&quot;,&quot;title&quot;:&quot;&quot;,&quot;orientation&quot;:&quot;1&quot;}\" data-image-title=\"Liesborn\" data-image-description=\"\" data-medium-file=\"https:\/\/i2.wp.com\/www.birgit-gropp.de\/dev\/wp-content\/uploads\/2020\/03\/Liesborn.jpg?fit=218%2C300&amp;ssl=1\" data-large-file=\"https:\/\/i2.wp.com\/www.birgit-gropp.de\/dev\/wp-content\/uploads\/2020\/03\/Liesborn.jpg?fit=744%2C1024&amp;ssl=1\" loading=\"lazy\" width=\"970\" height=\"1335\" class=\"wp-image-261\" style=\"width: 230px;\" src=\"https:\/\/i2.wp.com\/birgit-gropp.de\/dev\/wp-content\/uploads\/2020\/03\/Liesborn.jpg?resize=970%2C1335\" alt=\"\" srcset=\"https:\/\/i2.wp.com\/www.birgit-gropp.de\/dev\/wp-content\/uploads\/2020\/03\/Liesborn.jpg?w=1711&amp;ssl=1 1711w, https:\/\/i2.wp.com\/www.birgit-gropp.de\/dev\/wp-content\/uploads\/2020\/03\/Liesborn.jpg?resize=218%2C300&amp;ssl=1 218w, https:\/\/i2.wp.com\/www.birgit-gropp.de\/dev\/wp-content\/uploads\/2020\/03\/Liesborn.jpg?resize=744%2C1024&amp;ssl=1 744w, https:\/\/i2.wp.com\/www.birgit-gropp.de\/dev\/wp-content\/uploads\/2020\/03\/Liesborn.jpg?resize=768%2C1057&amp;ssl=1 768w, https:\/\/i2.wp.com\/www.birgit-gropp.de\/dev\/wp-content\/uploads\/2020\/03\/Liesborn.jpg?resize=1116%2C1536&amp;ssl=1 1116w, https:\/\/i2.wp.com\/www.birgit-gropp.de\/dev\/wp-content\/uploads\/2020\/03\/Liesborn.jpg?resize=1488%2C2048&amp;ssl=1 1488w, https:\/\/i2.wp.com\/www.birgit-gropp.de\/dev\/wp-content\/uploads\/2020\/03\/Liesborn.jpg?resize=1700%2C2340&amp;ssl=1 1700w, https:\/\/i2.wp.com\/www.birgit-gropp.de\/dev\/wp-content\/uploads\/2020\/03\/Liesborn.jpg?resize=500%2C688&amp;ssl=1 500w\" sizes=\"(max-width: 970px) 100vw, 970px\" data-recalc-dims=\"1\" \/><\/td><\/tr><\/tbody><\/table><\/figure>\n\n\n\n<hr class=\"wp-block-separator\"\/>\n\n\n\n<figure class=\"wp-block-table tab_pic_up\"><table><tbody><tr><td><img data-attachment-id=\"260\" data-permalink=\"https:\/\/www.birgit-gropp.de\/?attachment_id=260\" data-orig-file=\"https:\/\/www.birgit-gropp.de\/dev\/wp-content\/uploads\/2020\/03\/Soest.bmp\" data-orig-size=\"757,871\" data-comments-opened=\"0\" data-image-meta=\"{&quot;aperture&quot;:&quot;0&quot;,&quot;credit&quot;:&quot;&quot;,&quot;camera&quot;:&quot;&quot;,&quot;caption&quot;:&quot;&quot;,&quot;created_timestamp&quot;:&quot;0&quot;,&quot;copyright&quot;:&quot;&quot;,&quot;focal_length&quot;:&quot;0&quot;,&quot;iso&quot;:&quot;0&quot;,&quot;shutter_speed&quot;:&quot;0&quot;,&quot;title&quot;:&quot;&quot;,&quot;orientation&quot;:&quot;0&quot;}\" data-image-title=\"Soest\" data-image-description=\"\" data-medium-file=\"https:\/\/www.birgit-gropp.de\/dev\/wp-content\/uploads\/2020\/03\/Soest-261x300.jpg\" data-large-file=\"https:\/\/www.birgit-gropp.de\/dev\/wp-content\/uploads\/2020\/03\/Soest.bmp\" loading=\"lazy\" width=\"757\" height=\"871\" class=\"wp-image-260\" style=\"width: 250px;\" src=\"http:\/\/birgit-gropp.de\/dev\/wp-content\/uploads\/2020\/03\/Soest.bmp\" alt=\"\" srcset=\"https:\/\/www.birgit-gropp.de\/dev\/wp-content\/uploads\/2020\/03\/Soest.bmp 757w, https:\/\/i2.wp.com\/www.birgit-gropp.de\/dev\/wp-content\/uploads\/2020\/03\/Soest.bmp?resize=261%2C300&amp;ssl=1 261w, https:\/\/i2.wp.com\/www.birgit-gropp.de\/dev\/wp-content\/uploads\/2020\/03\/Soest.bmp?resize=500%2C575&amp;ssl=1 500w\" sizes=\"(max-width: 757px) 100vw, 757px\" \/><\/td><td>Birgit Gropp<br><strong>Ich \u201ebedaure nur, da\u00df meine Worte zu arm sind, <\/strong><br><strong>dieses Werk zu beschreiben\u201d.<\/strong><br>St. Maria zur Wiese in Soest \u2013 Eine Einf\u00fchrung<br>in: St. Maria zur Wiese Soest<br>Hrsg. J\u00fcrgen Prigl<br>Hirmer Verlag, M\u00fcnchen 2013, S. 10\u201365 <\/td><\/tr><\/tbody><\/table><\/figure>\n\n\n\n<hr class=\"wp-block-separator\"\/>\n\n\n\n<figure class=\"wp-block-table tab_pic_up\"><table><tbody><tr><td><strong>Unser Denkmal. Wir machen mit<\/strong>.<br>Ehrenamtliches Engagement in der Bau- und Bodendenkmalpflege <br>in Nordrhein-Westfalen<br>Hrsg. NRW-Stiftung u. a.<br>D\u00fcsseldorf 2013. <br>(Mitautorin, konzeptionelle und redaktionelle Betreuung <br>von Brosch\u00fcre, Internetseite und Ausstellung) <br><a href=\"https:\/\/www.nrw-stiftung.de\/infomaterial\/download\/Broschuere_Unser_Denkmal.pdf?sid=rxpagzbzmvhzq..\">Download<\/a> (PDF, ca. 7 MB)<\/td><td><img data-attachment-id=\"312\" data-permalink=\"https:\/\/www.birgit-gropp.de\/?attachment_id=312\" data-orig-file=\"https:\/\/www.birgit-gropp.de\/dev\/wp-content\/uploads\/2020\/03\/Unser-Denkmal_2_besser.bmp\" data-orig-size=\"428,600\" data-comments-opened=\"0\" data-image-meta=\"{&quot;aperture&quot;:&quot;0&quot;,&quot;credit&quot;:&quot;&quot;,&quot;camera&quot;:&quot;&quot;,&quot;caption&quot;:&quot;&quot;,&quot;created_timestamp&quot;:&quot;0&quot;,&quot;copyright&quot;:&quot;&quot;,&quot;focal_length&quot;:&quot;0&quot;,&quot;iso&quot;:&quot;0&quot;,&quot;shutter_speed&quot;:&quot;0&quot;,&quot;title&quot;:&quot;&quot;,&quot;orientation&quot;:&quot;0&quot;}\" data-image-title=\"Unser Denkmal_2_besser\" data-image-description=\"\" data-medium-file=\"https:\/\/www.birgit-gropp.de\/dev\/wp-content\/uploads\/2020\/03\/Unser-Denkmal_2_besser-214x300.jpg\" data-large-file=\"https:\/\/www.birgit-gropp.de\/dev\/wp-content\/uploads\/2020\/03\/Unser-Denkmal_2_besser.bmp\" loading=\"lazy\" width=\"428\" height=\"600\" class=\"wp-image-312\" style=\"width: 230px;\" src=\"http:\/\/birgit-gropp.de\/dev\/wp-content\/uploads\/2020\/03\/Unser-Denkmal_2_besser.bmp\" alt=\"\" srcset=\"https:\/\/www.birgit-gropp.de\/dev\/wp-content\/uploads\/2020\/03\/Unser-Denkmal_2_besser.bmp 428w, https:\/\/i1.wp.com\/www.birgit-gropp.de\/dev\/wp-content\/uploads\/2020\/03\/Unser-Denkmal_2_besser.bmp?resize=214%2C300&amp;ssl=1 214w\" sizes=\"(max-width: 428px) 100vw, 428px\" \/><\/td><\/tr><\/tbody><\/table><\/figure>\n\n\n\n<hr class=\"wp-block-separator\"\/>\n\n\n\n<figure class=\"wp-block-table tab_pic_up\"><table><tbody><tr><td><img data-attachment-id=\"258\" data-permalink=\"https:\/\/www.birgit-gropp.de\/?attachment_id=258\" data-orig-file=\"https:\/\/i1.wp.com\/www.birgit-gropp.de\/dev\/wp-content\/uploads\/2020\/03\/Umschlag_Ein-St\u00fcck-vom-Himmel.-Die-sch\u00f6nsten-Kl\u00f6ster-in-Westfalen.jpg?fit=1299%2C1641&amp;ssl=1\" data-orig-size=\"1299,1641\" data-comments-opened=\"0\" data-image-meta=\"{&quot;aperture&quot;:&quot;0&quot;,&quot;credit&quot;:&quot;Alexandra Engelberts&quot;,&quot;camera&quot;:&quot;&quot;,&quot;caption&quot;:&quot;&quot;,&quot;created_timestamp&quot;:&quot;0&quot;,&quot;copyright&quot;:&quot;&quot;,&quot;focal_length&quot;:&quot;0&quot;,&quot;iso&quot;:&quot;0&quot;,&quot;shutter_speed&quot;:&quot;0&quot;,&quot;title&quot;:&quot;Kloester_Cover_Layout 1&quot;,&quot;orientation&quot;:&quot;1&quot;}\" data-image-title=\"Kloester_Cover_Layout 1\" data-image-description=\"\" data-medium-file=\"https:\/\/i1.wp.com\/www.birgit-gropp.de\/dev\/wp-content\/uploads\/2020\/03\/Umschlag_Ein-St\u00fcck-vom-Himmel.-Die-sch\u00f6nsten-Kl\u00f6ster-in-Westfalen.jpg?fit=237%2C300&amp;ssl=1\" data-large-file=\"https:\/\/i1.wp.com\/www.birgit-gropp.de\/dev\/wp-content\/uploads\/2020\/03\/Umschlag_Ein-St\u00fcck-vom-Himmel.-Die-sch\u00f6nsten-Kl\u00f6ster-in-Westfalen.jpg?fit=811%2C1024&amp;ssl=1\" loading=\"lazy\" width=\"970\" height=\"1225\" class=\"wp-image-258\" style=\"width: 250px;\" src=\"https:\/\/i2.wp.com\/birgit-gropp.de\/dev\/wp-content\/uploads\/2020\/03\/Umschlag_Ein-St\u00fcck-vom-Himmel.-Die-sch\u00f6nsten-Kl\u00f6ster-in-Westfalen.jpg?resize=970%2C1225\" alt=\"\" srcset=\"https:\/\/i1.wp.com\/www.birgit-gropp.de\/dev\/wp-content\/uploads\/2020\/03\/Umschlag_Ein-St\u00fcck-vom-Himmel.-Die-sch\u00f6nsten-Kl\u00f6ster-in-Westfalen.jpg?w=1299&amp;ssl=1 1299w, https:\/\/i1.wp.com\/www.birgit-gropp.de\/dev\/wp-content\/uploads\/2020\/03\/Umschlag_Ein-St\u00fcck-vom-Himmel.-Die-sch\u00f6nsten-Kl\u00f6ster-in-Westfalen.jpg?resize=237%2C300&amp;ssl=1 237w, https:\/\/i1.wp.com\/www.birgit-gropp.de\/dev\/wp-content\/uploads\/2020\/03\/Umschlag_Ein-St\u00fcck-vom-Himmel.-Die-sch\u00f6nsten-Kl\u00f6ster-in-Westfalen.jpg?resize=811%2C1024&amp;ssl=1 811w, https:\/\/i1.wp.com\/www.birgit-gropp.de\/dev\/wp-content\/uploads\/2020\/03\/Umschlag_Ein-St\u00fcck-vom-Himmel.-Die-sch\u00f6nsten-Kl\u00f6ster-in-Westfalen.jpg?resize=768%2C970&amp;ssl=1 768w, https:\/\/i1.wp.com\/www.birgit-gropp.de\/dev\/wp-content\/uploads\/2020\/03\/Umschlag_Ein-St\u00fcck-vom-Himmel.-Die-sch\u00f6nsten-Kl\u00f6ster-in-Westfalen.jpg?resize=1216%2C1536&amp;ssl=1 1216w, https:\/\/i1.wp.com\/www.birgit-gropp.de\/dev\/wp-content\/uploads\/2020\/03\/Umschlag_Ein-St\u00fcck-vom-Himmel.-Die-sch\u00f6nsten-Kl\u00f6ster-in-Westfalen.jpg?resize=500%2C632&amp;ssl=1 500w\" sizes=\"(max-width: 970px) 100vw, 970px\" data-recalc-dims=\"1\" \/><\/td><td>Birgit Gropp<br><strong>Ein St\u00fcck vom Himmel<\/strong><br>Die sch\u00f6nsten Kl\u00f6ster in Westfalen<br>Hrsg. LWL-Kulturstiftung<br>Schnell und Steiner, Regensburg 2012 <br>(Konzeption, Projektmanagement, Redaktion, <br>Bildredaktion, Autorin)<br><a href=\"https:\/\/www.birgit-gropp.de\/dev\/wp-content\/uploads\/2020\/06\/Herzebrock_Probe.pdf\">Blick ins Buch<\/a><\/td><\/tr><\/tbody><\/table><\/figure>\n\n\n\n<hr class=\"wp-block-separator\"\/>\n\n\n\n<figure class=\"wp-block-table tab_pic_up\"><table><tbody><tr><td>Oliver Meys \/ Birgit Gropp<br><strong>Kirchen im Wandel <\/strong><br>Ver\u00e4nderte Nutzung denkmalgesch\u00fctzter Kirchen<br>Hrsg. Landesinitiative Stadtbaukultur NRW, <br>LVR-Amt f\u00fcr Denkmalpflege im Rheinland <br>und LWL-Amt f\u00fcr Denkmalpflege in Westfalen<br>B\u00f6nen 2010 <br><a href=\"https:\/\/stadtbaukultur-nrw.de\/site\/assets\/files\/1685\/kirchen_im_wandel_teil1.pdf\">Download Teil 1<\/a> (PDF, ca. 7,5 MB)<br><a href=\"https:\/\/stadtbaukultur-nrw.de\/site\/assets\/files\/1685\/kirchen_im_wandel_teil2.pdf\">Download Teil 2<\/a> (PDF, ca. 5,5 MB)<\/td><td><img data-attachment-id=\"321\" data-permalink=\"https:\/\/www.birgit-gropp.de\/?attachment_id=321\" data-orig-file=\"https:\/\/i2.wp.com\/www.birgit-gropp.de\/dev\/wp-content\/uploads\/2020\/03\/kirchen_im_wandel.jpg?fit=601%2C714&amp;ssl=1\" data-orig-size=\"601,714\" data-comments-opened=\"0\" data-image-meta=\"{&quot;aperture&quot;:&quot;0&quot;,&quot;credit&quot;:&quot;Arbeiter&quot;,&quot;camera&quot;:&quot;&quot;,&quot;caption&quot;:&quot;&quot;,&quot;created_timestamp&quot;:&quot;0&quot;,&quot;copyright&quot;:&quot;&quot;,&quot;focal_length&quot;:&quot;0&quot;,&quot;iso&quot;:&quot;0&quot;,&quot;shutter_speed&quot;:&quot;0&quot;,&quot;title&quot;:&quot;KirchenimWandel Kap01bis05_19kor2M.indd&quot;,&quot;orientation&quot;:&quot;1&quot;}\" data-image-title=\"KirchenimWandel Kap01bis05_19kor2M.indd\" data-image-description=\"\" data-medium-file=\"https:\/\/i2.wp.com\/www.birgit-gropp.de\/dev\/wp-content\/uploads\/2020\/03\/kirchen_im_wandel.jpg?fit=253%2C300&amp;ssl=1\" data-large-file=\"https:\/\/i2.wp.com\/www.birgit-gropp.de\/dev\/wp-content\/uploads\/2020\/03\/kirchen_im_wandel.jpg?fit=601%2C714&amp;ssl=1\" loading=\"lazy\" width=\"601\" height=\"714\" class=\"wp-image-321\" style=\"width: 230px;\" src=\"https:\/\/i2.wp.com\/birgit-gropp.de\/dev\/wp-content\/uploads\/2020\/03\/kirchen_im_wandel.jpg?resize=601%2C714\" alt=\"\" srcset=\"https:\/\/i2.wp.com\/www.birgit-gropp.de\/dev\/wp-content\/uploads\/2020\/03\/kirchen_im_wandel.jpg?w=601&amp;ssl=1 601w, https:\/\/i2.wp.com\/www.birgit-gropp.de\/dev\/wp-content\/uploads\/2020\/03\/kirchen_im_wandel.jpg?resize=253%2C300&amp;ssl=1 253w, https:\/\/i2.wp.com\/www.birgit-gropp.de\/dev\/wp-content\/uploads\/2020\/03\/kirchen_im_wandel.jpg?resize=500%2C594&amp;ssl=1 500w\" sizes=\"(max-width: 601px) 100vw, 601px\" data-recalc-dims=\"1\" \/><\/td><\/tr><\/tbody><\/table><\/figure>\n\n\n\n<hr class=\"wp-block-separator\"\/>\n\n\n\n<figure class=\"wp-block-table tab_pic_up\"><table><tbody><tr><td><img data-attachment-id=\"330\" data-permalink=\"https:\/\/www.birgit-gropp.de\/?attachment_id=330\" data-orig-file=\"https:\/\/i0.wp.com\/www.birgit-gropp.de\/dev\/wp-content\/uploads\/2020\/03\/CoverSauerland-1.jpg?fit=651%2C765&amp;ssl=1\" data-orig-size=\"651,765\" data-comments-opened=\"0\" data-image-meta=\"{&quot;aperture&quot;:&quot;0&quot;,&quot;credit&quot;:&quot;&quot;,&quot;camera&quot;:&quot;&quot;,&quot;caption&quot;:&quot;&quot;,&quot;created_timestamp&quot;:&quot;0&quot;,&quot;copyright&quot;:&quot;&quot;,&quot;focal_length&quot;:&quot;0&quot;,&quot;iso&quot;:&quot;0&quot;,&quot;shutter_speed&quot;:&quot;0&quot;,&quot;title&quot;:&quot;untitled&quot;,&quot;orientation&quot;:&quot;1&quot;}\" data-image-title=\"untitled\" data-image-description=\"\" data-medium-file=\"https:\/\/i0.wp.com\/www.birgit-gropp.de\/dev\/wp-content\/uploads\/2020\/03\/CoverSauerland-1.jpg?fit=255%2C300&amp;ssl=1\" data-large-file=\"https:\/\/i0.wp.com\/www.birgit-gropp.de\/dev\/wp-content\/uploads\/2020\/03\/CoverSauerland-1.jpg?fit=651%2C765&amp;ssl=1\" loading=\"lazy\" width=\"651\" height=\"765\" class=\"wp-image-330\" style=\"width: 250px;\" src=\"https:\/\/i1.wp.com\/birgit-gropp.de\/dev\/wp-content\/uploads\/2020\/03\/CoverSauerland-1.jpg?resize=651%2C765\" alt=\"\" srcset=\"https:\/\/i0.wp.com\/www.birgit-gropp.de\/dev\/wp-content\/uploads\/2020\/03\/CoverSauerland-1.jpg?w=651&amp;ssl=1 651w, https:\/\/i0.wp.com\/www.birgit-gropp.de\/dev\/wp-content\/uploads\/2020\/03\/CoverSauerland-1.jpg?resize=255%2C300&amp;ssl=1 255w, https:\/\/i0.wp.com\/www.birgit-gropp.de\/dev\/wp-content\/uploads\/2020\/03\/CoverSauerland-1.jpg?resize=500%2C588&amp;ssl=1 500w\" sizes=\"(max-width: 651px) 100vw, 651px\" data-recalc-dims=\"1\" \/><\/td><td>Birgit Gropp \/ Siegfried Kessemeier \/ Ulrich Sch\u00e4fer \/ <br>Kathrin Ueberholz<br><strong>Kunst im Sauerland<\/strong><br>Beitr\u00e4ge zur Kulturgeschichte S\u00fcdwestfalens<br>Hrsg. Westf\u00e4lisches Schieferbergbau- und Heimatmuseum <br>Schmallenberg-Holthausen 2009 <br>(Konzeption, Projektmanagement, Redaktion, <br>Bildredaktion, Autorin)<\/td><\/tr><\/tbody><\/table><\/figure>\n\n\n\n<hr class=\"wp-block-separator\"\/>\n\n\n\n<figure class=\"wp-block-table tab_pic_up\"><table><tbody><tr><td><br><br>Birgit Gropp<br><strong>Burgen und Schl\u00f6sser am R<\/strong>hein<br>Nicolai, Berlin 2006  <\/td><td> <img data-attachment-id=\"332\" data-permalink=\"https:\/\/www.birgit-gropp.de\/?attachment_id=332\" data-orig-file=\"https:\/\/i0.wp.com\/www.birgit-gropp.de\/dev\/wp-content\/uploads\/2020\/03\/Burgen1.jpg?fit=1594%2C2218&amp;ssl=1\" data-orig-size=\"1594,2218\" data-comments-opened=\"0\" data-image-meta=\"{&quot;aperture&quot;:&quot;0&quot;,&quot;credit&quot;:&quot;&quot;,&quot;camera&quot;:&quot;&quot;,&quot;caption&quot;:&quot;&quot;,&quot;created_timestamp&quot;:&quot;1590342107&quot;,&quot;copyright&quot;:&quot;&quot;,&quot;focal_length&quot;:&quot;0&quot;,&quot;iso&quot;:&quot;0&quot;,&quot;shutter_speed&quot;:&quot;0&quot;,&quot;title&quot;:&quot;&quot;,&quot;orientation&quot;:&quot;1&quot;}\" data-image-title=\"Burgen1\" data-image-description=\"\" data-medium-file=\"https:\/\/i0.wp.com\/www.birgit-gropp.de\/dev\/wp-content\/uploads\/2020\/03\/Burgen1.jpg?fit=216%2C300&amp;ssl=1\" data-large-file=\"https:\/\/i0.wp.com\/www.birgit-gropp.de\/dev\/wp-content\/uploads\/2020\/03\/Burgen1.jpg?fit=736%2C1024&amp;ssl=1\" loading=\"lazy\" width=\"970\" height=\"1350\" class=\"wp-image-332\" style=\"width: 220px;\" src=\"https:\/\/i0.wp.com\/birgit-gropp.de\/dev\/wp-content\/uploads\/2020\/03\/Burgen1.jpg?resize=970%2C1350\" alt=\"\" srcset=\"https:\/\/i0.wp.com\/www.birgit-gropp.de\/dev\/wp-content\/uploads\/2020\/03\/Burgen1.jpg?w=1594&amp;ssl=1 1594w, https:\/\/i0.wp.com\/www.birgit-gropp.de\/dev\/wp-content\/uploads\/2020\/03\/Burgen1.jpg?resize=216%2C300&amp;ssl=1 216w, https:\/\/i0.wp.com\/www.birgit-gropp.de\/dev\/wp-content\/uploads\/2020\/03\/Burgen1.jpg?resize=736%2C1024&amp;ssl=1 736w, https:\/\/i0.wp.com\/www.birgit-gropp.de\/dev\/wp-content\/uploads\/2020\/03\/Burgen1.jpg?resize=768%2C1069&amp;ssl=1 768w, https:\/\/i0.wp.com\/www.birgit-gropp.de\/dev\/wp-content\/uploads\/2020\/03\/Burgen1.jpg?resize=1104%2C1536&amp;ssl=1 1104w, https:\/\/i0.wp.com\/www.birgit-gropp.de\/dev\/wp-content\/uploads\/2020\/03\/Burgen1.jpg?resize=1472%2C2048&amp;ssl=1 1472w, https:\/\/i0.wp.com\/www.birgit-gropp.de\/dev\/wp-content\/uploads\/2020\/03\/Burgen1.jpg?resize=500%2C696&amp;ssl=1 500w\" sizes=\"(max-width: 970px) 100vw, 970px\" data-recalc-dims=\"1\" \/><\/td><\/tr><\/tbody><\/table><\/figure>\n\n\n\n<hr class=\"wp-block-separator\"\/>\n\n\n\n<figure class=\"wp-block-table tab_pic_up\"><table><tbody><tr><td><img data-attachment-id=\"333\" data-permalink=\"https:\/\/www.birgit-gropp.de\/?attachment_id=333\" data-orig-file=\"https:\/\/i1.wp.com\/www.birgit-gropp.de\/dev\/wp-content\/uploads\/2020\/03\/Natur.jpg?fit=345%2C336&amp;ssl=1\" data-orig-size=\"345,336\" data-comments-opened=\"0\" data-image-meta=\"{&quot;aperture&quot;:&quot;0&quot;,&quot;credit&quot;:&quot;&quot;,&quot;camera&quot;:&quot;&quot;,&quot;caption&quot;:&quot;&quot;,&quot;created_timestamp&quot;:&quot;0&quot;,&quot;copyright&quot;:&quot;&quot;,&quot;focal_length&quot;:&quot;0&quot;,&quot;iso&quot;:&quot;0&quot;,&quot;shutter_speed&quot;:&quot;0&quot;,&quot;title&quot;:&quot;&quot;,&quot;orientation&quot;:&quot;0&quot;}\" data-image-title=\"Natur\" data-image-description=\"\" data-medium-file=\"https:\/\/i1.wp.com\/www.birgit-gropp.de\/dev\/wp-content\/uploads\/2020\/03\/Natur.jpg?fit=300%2C292&amp;ssl=1\" data-large-file=\"https:\/\/i1.wp.com\/www.birgit-gropp.de\/dev\/wp-content\/uploads\/2020\/03\/Natur.jpg?fit=345%2C336&amp;ssl=1\" loading=\"lazy\" width=\"345\" height=\"336\" class=\"wp-image-333\" style=\"width: 230px;\" src=\"https:\/\/i1.wp.com\/birgit-gropp.de\/dev\/wp-content\/uploads\/2020\/03\/Natur.jpg?resize=345%2C336\" alt=\"\" srcset=\"https:\/\/i1.wp.com\/www.birgit-gropp.de\/dev\/wp-content\/uploads\/2020\/03\/Natur.jpg?w=345&amp;ssl=1 345w, https:\/\/i1.wp.com\/www.birgit-gropp.de\/dev\/wp-content\/uploads\/2020\/03\/Natur.jpg?resize=300%2C292&amp;ssl=1 300w\" sizes=\"(max-width: 345px) 100vw, 345px\" data-recalc-dims=\"1\" \/><\/td><td>Birgit Gropp<br><strong>Natur im Blick<\/strong><br>K\u00fcnstler sehen die Natur \u2013 von Otto Modersohn <br>bis Rosemarie Trockel<br>Ausst.-Kat. Schloss Cappenberg, Selm 2004 <br>(Konzeption, Projektmanagement, Redaktion, <br>Bildredaktion, Autorin)<\/td><\/tr><\/tbody><\/table><\/figure>\n\n\n\n<hr class=\"wp-block-separator\"\/>\n\n\n\n<figure class=\"wp-block-table tab_pic_up\"><table><tbody><tr><td>Sibylle Backmann \/ Birgit Gropp<br><strong>Eine Hommage an den Kunsth\u00e4ndler Heinrich Clasing <\/strong><br>Ausst.-Kat. LWL-Museum f\u00fcr Kunst und Kulturgeschichte <br>M\u00fcnster, 2003  <br>(Konzeption, Projektmanagement, Redaktion, Bildredaktion, Autorin)<\/td><td><img data-attachment-id=\"329\" data-permalink=\"https:\/\/www.birgit-gropp.de\/?attachment_id=329\" data-orig-file=\"https:\/\/i1.wp.com\/www.birgit-gropp.de\/dev\/wp-content\/uploads\/2020\/03\/001.jpg?fit=1619%2C2052&amp;ssl=1\" data-orig-size=\"1619,2052\" data-comments-opened=\"0\" data-image-meta=\"{&quot;aperture&quot;:&quot;0&quot;,&quot;credit&quot;:&quot;&quot;,&quot;camera&quot;:&quot;&quot;,&quot;caption&quot;:&quot;&quot;,&quot;created_timestamp&quot;:&quot;1590341363&quot;,&quot;copyright&quot;:&quot;&quot;,&quot;focal_length&quot;:&quot;0&quot;,&quot;iso&quot;:&quot;0&quot;,&quot;shutter_speed&quot;:&quot;0&quot;,&quot;title&quot;:&quot;&quot;,&quot;orientation&quot;:&quot;1&quot;}\" data-image-title=\"001\" data-image-description=\"\" data-medium-file=\"https:\/\/i1.wp.com\/www.birgit-gropp.de\/dev\/wp-content\/uploads\/2020\/03\/001.jpg?fit=237%2C300&amp;ssl=1\" data-large-file=\"https:\/\/i1.wp.com\/www.birgit-gropp.de\/dev\/wp-content\/uploads\/2020\/03\/001.jpg?fit=808%2C1024&amp;ssl=1\" loading=\"lazy\" width=\"970\" height=\"1229\" class=\"wp-image-329\" style=\"width: 230px;\" src=\"https:\/\/i0.wp.com\/birgit-gropp.de\/dev\/wp-content\/uploads\/2020\/03\/001.jpg?resize=970%2C1229\" alt=\"\" srcset=\"https:\/\/i1.wp.com\/www.birgit-gropp.de\/dev\/wp-content\/uploads\/2020\/03\/001.jpg?w=1619&amp;ssl=1 1619w, https:\/\/i1.wp.com\/www.birgit-gropp.de\/dev\/wp-content\/uploads\/2020\/03\/001.jpg?resize=237%2C300&amp;ssl=1 237w, https:\/\/i1.wp.com\/www.birgit-gropp.de\/dev\/wp-content\/uploads\/2020\/03\/001.jpg?resize=808%2C1024&amp;ssl=1 808w, https:\/\/i1.wp.com\/www.birgit-gropp.de\/dev\/wp-content\/uploads\/2020\/03\/001.jpg?resize=768%2C973&amp;ssl=1 768w, https:\/\/i1.wp.com\/www.birgit-gropp.de\/dev\/wp-content\/uploads\/2020\/03\/001.jpg?resize=1212%2C1536&amp;ssl=1 1212w, https:\/\/i1.wp.com\/www.birgit-gropp.de\/dev\/wp-content\/uploads\/2020\/03\/001.jpg?resize=1616%2C2048&amp;ssl=1 1616w, https:\/\/i1.wp.com\/www.birgit-gropp.de\/dev\/wp-content\/uploads\/2020\/03\/001.jpg?resize=500%2C634&amp;ssl=1 500w\" sizes=\"(max-width: 970px) 100vw, 970px\" data-recalc-dims=\"1\" \/><\/td><\/tr><\/tbody><\/table><\/figure>\n\n\n\n<hr class=\"wp-block-separator\"\/>\n\n\n\n<figure class=\"wp-block-table tab_pic_up\"><table><tbody><tr><td> Birgit Gropp <\/td><\/tr><tr><td> <strong>Studien zur Kunsthandlung Fritz Gurlitt in Berlin 1880\u20131943<\/strong><br> Phil. Diss. FU Berlin 1999 (Microfiche K\u00f6ln 2000) <\/td><\/tr><\/tbody><\/table><\/figure>\n\n\n\n<hr class=\"wp-block-separator\"\/>\n\n\n\n<figure class=\"wp-block-table tab_pic_up\"><table><tbody><tr><td> Birgit Dunker (Gropp) \/ Stephan Kemperdick <\/td><\/tr><tr><td><strong>Ein unbekanntes Werk des Meisters der Darmst\u00e4dter Passion<\/strong><br>in: Zeitschrift des deutschen Vereins f\u00fcr Kunstwissenschaft, Bd. 48, 1994, S. 61\u201389 <\/td><\/tr><\/tbody><\/table><\/figure>\n\n\n\n<a name=\"lektorat\"><\/a>\n\n\n\n<h2>Lektorat \/ Redaktion (Auswahl)<\/h2>\n\n\n\n<figure class=\"wp-block-table tab_pic_up\"><table><tbody><tr><td><img src=\"https:\/\/i0.wp.com\/www.birgit-gropp.de\/dev\/wp-content\/uploads\/2022\/09\/Saisonale_Titel.jpg?w=970&#038;ssl=1\" alt=\"\" style=\"width: 300px;\" data-recalc-dims=\"1\"><\/td><td><br>    <strong>Kunst und Natur im Dialog<\/strong><br>    Die Gravenhorster SAISONALE* &#8211; tempor\u00e4re Kloster.Garten.Kunst<br>    Hrsg. Kreis Steinfurt \/ An Seebach \/ Berit Gerd Andersen<br>    H\u00f6rstel 2021<br>    (Moderation der K\u00fcnstlergespr\u00e4che, Textfassung, Redaktion)<br><\/td><\/tr><\/tbody><\/table><\/figure>\n\n\n\n<hr class=\"wp-block-separator\"\/>\n\n\n\n<figure class=\"wp-block-table tab_pic_up\"><table><tbody><tr><td><strong><strong><strong>Die Goldene Tafel aus L\u00fcneburg<br><\/strong><\/strong><\/strong>Hrsg. Antje-Fee K\u00f6llermann und Christine Unsinn<br>Niederdeutsche Beitr\u00e4ge zur Kunstgeschichte, N.F. 5, 2020\/2021<br>(Lektorat)<br><a href=\"https:\/\/www.imhofverlag.de\/buecher\/niederdeutsche-beitraege-zur-kunstgeschichte-neue-folge-band-5\/\">Blick ins Buch<\/a><\/td><td><img data-attachment-id=\"341\" data-permalink=\"https:\/\/www.birgit-gropp.de\/?attachment_id=341\" data-orig-file=\"https:\/\/i2.wp.com\/www.birgit-gropp.de\/dev\/wp-content\/uploads\/2020\/03\/0964_002.jpg?fit=364%2C364&amp;ssl=1\" data-orig-size=\"364,364\" data-comments-opened=\"0\" data-image-meta=\"{&quot;aperture&quot;:&quot;0&quot;,&quot;credit&quot;:&quot;&quot;,&quot;camera&quot;:&quot;&quot;,&quot;caption&quot;:&quot;&quot;,&quot;created_timestamp&quot;:&quot;0&quot;,&quot;copyright&quot;:&quot;&quot;,&quot;focal_length&quot;:&quot;0&quot;,&quot;iso&quot;:&quot;0&quot;,&quot;shutter_speed&quot;:&quot;0&quot;,&quot;title&quot;:&quot;&quot;,&quot;orientation&quot;:&quot;0&quot;}\" data-image-title=\"0964_002\" data-image-description=\"\" data-medium-file=\"https:\/\/i2.wp.com\/www.birgit-gropp.de\/dev\/wp-content\/uploads\/2020\/03\/0964_002.jpg?fit=300%2C300&amp;ssl=1\" data-large-file=\"https:\/\/i2.wp.com\/www.birgit-gropp.de\/dev\/wp-content\/uploads\/2020\/03\/0964_002.jpg?fit=364%2C364&amp;ssl=1\" loading=\"lazy\" width=\"364\" height=\"364\" class=\"wp-image-341\" style=\"width: 280px;\" src=\"https:\/\/i2.wp.com\/www.birgit-gropp.de\/dev\/wp-content\/uploads\/2020\/03\/0964_002.jpg?resize=364%2C364&#038;ssl=1\" alt=\"\" srcset=\"https:\/\/i2.wp.com\/www.birgit-gropp.de\/dev\/wp-content\/uploads\/2020\/03\/0964_002.jpg?w=364&amp;ssl=1 364w, https:\/\/i2.wp.com\/www.birgit-gropp.de\/dev\/wp-content\/uploads\/2020\/03\/0964_002.jpg?resize=300%2C300&amp;ssl=1 300w, https:\/\/i2.wp.com\/www.birgit-gropp.de\/dev\/wp-content\/uploads\/2020\/03\/0964_002.jpg?resize=150%2C150&amp;ssl=1 150w\" sizes=\"(max-width: 364px) 100vw, 364px\" data-recalc-dims=\"1\" \/><\/td><\/tr><\/tbody><\/table><\/figure>\n\n\n\n<hr class=\"wp-block-separator\"\/>\n\n\n\n<figure class=\"wp-block-table tab_pic_up\"><table><tbody><tr><td><img data-attachment-id=\"383\" data-permalink=\"https:\/\/www.birgit-gropp.de\/?attachment_id=383\" data-orig-file=\"https:\/\/i0.wp.com\/www.birgit-gropp.de\/dev\/wp-content\/uploads\/2020\/03\/Meer.jpg?fit=479%2C680&amp;ssl=1\" data-orig-size=\"479,680\" data-comments-opened=\"0\" data-image-meta=\"{&quot;aperture&quot;:&quot;0&quot;,&quot;credit&quot;:&quot;&quot;,&quot;camera&quot;:&quot;&quot;,&quot;caption&quot;:&quot;&quot;,&quot;created_timestamp&quot;:&quot;0&quot;,&quot;copyright&quot;:&quot;&quot;,&quot;focal_length&quot;:&quot;0&quot;,&quot;iso&quot;:&quot;0&quot;,&quot;shutter_speed&quot;:&quot;0&quot;,&quot;title&quot;:&quot;Untitled&quot;,&quot;orientation&quot;:&quot;1&quot;}\" data-image-title=\"Untitled\" data-image-description=\"\" data-medium-file=\"https:\/\/i0.wp.com\/www.birgit-gropp.de\/dev\/wp-content\/uploads\/2020\/03\/Meer.jpg?fit=211%2C300&amp;ssl=1\" data-large-file=\"https:\/\/i0.wp.com\/www.birgit-gropp.de\/dev\/wp-content\/uploads\/2020\/03\/Meer.jpg?fit=479%2C680&amp;ssl=1\" loading=\"lazy\" width=\"479\" height=\"680\" class=\"wp-image-383\" style=\"width: 230px;\" src=\"https:\/\/i0.wp.com\/www.birgit-gropp.de\/dev\/wp-content\/uploads\/2020\/03\/Meer.jpg?resize=479%2C680&#038;ssl=1\" alt=\"\" srcset=\"https:\/\/i0.wp.com\/www.birgit-gropp.de\/dev\/wp-content\/uploads\/2020\/03\/Meer.jpg?w=479&amp;ssl=1 479w, https:\/\/i0.wp.com\/www.birgit-gropp.de\/dev\/wp-content\/uploads\/2020\/03\/Meer.jpg?resize=211%2C300&amp;ssl=1 211w\" sizes=\"(max-width: 479px) 100vw, 479px\" data-recalc-dims=\"1\" \/><\/td><td><br><strong>Das Meer<\/strong><br>Ein literarischer Kalender<br>Harenberg, Dortmund 2019, 2020, 2021, 2022<br>(Auswahl der Literaturzitate)<br><a href=\"https:\/\/harenberg-kalender.de\/literaturkalender-das-meer-2021\/\">Blick in den Kalender 2021<\/a><\/td><\/tr><\/tbody><\/table><\/figure>\n\n\n\n<hr class=\"wp-block-separator\"\/>\n\n\n\n<figure class=\"wp-block-table tab_pic_up\"><table><tbody><tr><td><strong><strong>Denkmaltopographie der Bundesrepublik Deutschland<\/strong><br><\/strong>Denkm\u00e4ler in Westfalen<br>Kreis Paderborn, Bd. 2.1<br>Stadt Paderborn<br>Hrsg. Landschaftsverband Westfalen-Lippe \/ Stadt Paderborn<br>Bearb. von Heinrich Otten \/ Schriftleiter Michael Huyer<br>Imhof Verlag, Petersberg 2018<br>(Lektorat)<\/td><td><img data-attachment-id=\"342\" data-permalink=\"https:\/\/www.birgit-gropp.de\/?attachment_id=342\" data-orig-file=\"https:\/\/i2.wp.com\/www.birgit-gropp.de\/dev\/wp-content\/uploads\/2020\/03\/Paderborn.jpg?fit=848%2C1200&amp;ssl=1\" data-orig-size=\"848,1200\" data-comments-opened=\"0\" data-image-meta=\"{&quot;aperture&quot;:&quot;0&quot;,&quot;credit&quot;:&quot;&quot;,&quot;camera&quot;:&quot;&quot;,&quot;caption&quot;:&quot;&quot;,&quot;created_timestamp&quot;:&quot;0&quot;,&quot;copyright&quot;:&quot;&quot;,&quot;focal_length&quot;:&quot;0&quot;,&quot;iso&quot;:&quot;0&quot;,&quot;shutter_speed&quot;:&quot;0&quot;,&quot;title&quot;:&quot;&quot;,&quot;orientation&quot;:&quot;0&quot;}\" data-image-title=\"Paderborn\" data-image-description=\"\" data-medium-file=\"https:\/\/i2.wp.com\/www.birgit-gropp.de\/dev\/wp-content\/uploads\/2020\/03\/Paderborn.jpg?fit=212%2C300&amp;ssl=1\" data-large-file=\"https:\/\/i2.wp.com\/www.birgit-gropp.de\/dev\/wp-content\/uploads\/2020\/03\/Paderborn.jpg?fit=724%2C1024&amp;ssl=1\" loading=\"lazy\" width=\"848\" height=\"1200\" class=\"wp-image-342\" style=\"width: 230px;\" src=\"https:\/\/i2.wp.com\/birgit-gropp.de\/dev\/wp-content\/uploads\/2020\/03\/Paderborn.jpg?resize=848%2C1200\" alt=\"\" srcset=\"https:\/\/i2.wp.com\/www.birgit-gropp.de\/dev\/wp-content\/uploads\/2020\/03\/Paderborn.jpg?w=848&amp;ssl=1 848w, https:\/\/i2.wp.com\/www.birgit-gropp.de\/dev\/wp-content\/uploads\/2020\/03\/Paderborn.jpg?resize=212%2C300&amp;ssl=1 212w, https:\/\/i2.wp.com\/www.birgit-gropp.de\/dev\/wp-content\/uploads\/2020\/03\/Paderborn.jpg?resize=724%2C1024&amp;ssl=1 724w, https:\/\/i2.wp.com\/www.birgit-gropp.de\/dev\/wp-content\/uploads\/2020\/03\/Paderborn.jpg?resize=768%2C1087&amp;ssl=1 768w, https:\/\/i2.wp.com\/www.birgit-gropp.de\/dev\/wp-content\/uploads\/2020\/03\/Paderborn.jpg?resize=500%2C708&amp;ssl=1 500w\" sizes=\"(max-width: 848px) 100vw, 848px\" data-recalc-dims=\"1\" \/><\/td><\/tr><\/tbody><\/table><\/figure>\n\n\n\n<hr class=\"wp-block-separator\"\/>\n\n\n\n<figure class=\"wp-block-table tab_pic_up\"><table><tbody><tr><td><img data-attachment-id=\"441\" data-permalink=\"https:\/\/www.birgit-gropp.de\/?attachment_id=441\" data-orig-file=\"https:\/\/i2.wp.com\/www.birgit-gropp.de\/dev\/wp-content\/uploads\/2020\/03\/Scharoun.jpg?fit=994%2C1417&amp;ssl=1\" data-orig-size=\"994,1417\" data-comments-opened=\"0\" data-image-meta=\"{&quot;aperture&quot;:&quot;0&quot;,&quot;credit&quot;:&quot;&quot;,&quot;camera&quot;:&quot;&quot;,&quot;caption&quot;:&quot;&quot;,&quot;created_timestamp&quot;:&quot;0&quot;,&quot;copyright&quot;:&quot;&quot;,&quot;focal_length&quot;:&quot;0&quot;,&quot;iso&quot;:&quot;0&quot;,&quot;shutter_speed&quot;:&quot;0&quot;,&quot;title&quot;:&quot;&quot;,&quot;orientation&quot;:&quot;1&quot;}\" data-image-title=\"Scharoun\" data-image-description=\"\" data-medium-file=\"https:\/\/i2.wp.com\/www.birgit-gropp.de\/dev\/wp-content\/uploads\/2020\/03\/Scharoun.jpg?fit=210%2C300&amp;ssl=1\" data-large-file=\"https:\/\/i2.wp.com\/www.birgit-gropp.de\/dev\/wp-content\/uploads\/2020\/03\/Scharoun.jpg?fit=718%2C1024&amp;ssl=1\" loading=\"lazy\" width=\"970\" height=\"1383\" class=\"wp-image-441\" style=\"width: 200px;\" src=\"https:\/\/i0.wp.com\/birgit-gropp.de\/dev\/wp-content\/uploads\/2020\/03\/Scharoun.jpg?resize=970%2C1383\" alt=\"\" srcset=\"https:\/\/i2.wp.com\/www.birgit-gropp.de\/dev\/wp-content\/uploads\/2020\/03\/Scharoun.jpg?w=994&amp;ssl=1 994w, https:\/\/i2.wp.com\/www.birgit-gropp.de\/dev\/wp-content\/uploads\/2020\/03\/Scharoun.jpg?resize=210%2C300&amp;ssl=1 210w, https:\/\/i2.wp.com\/www.birgit-gropp.de\/dev\/wp-content\/uploads\/2020\/03\/Scharoun.jpg?resize=718%2C1024&amp;ssl=1 718w, https:\/\/i2.wp.com\/www.birgit-gropp.de\/dev\/wp-content\/uploads\/2020\/03\/Scharoun.jpg?resize=768%2C1095&amp;ssl=1 768w, https:\/\/i2.wp.com\/www.birgit-gropp.de\/dev\/wp-content\/uploads\/2020\/03\/Scharoun.jpg?resize=500%2C713&amp;ssl=1 500w\" sizes=\"(max-width: 970px) 100vw, 970px\" data-recalc-dims=\"1\" \/><\/td><td><strong><strong>Hans Scharoun im Ruhrgebiet<\/strong><br><\/strong>Entwerfen und Bauen f\u00fcr das Leben<strong><br><\/strong>Hrsg. Manfred Walz \/ Peter Strege \/ Hartmut Dreier<br>Berlin Story Verlag, Berlin 2017<br>(Lektorat)<\/td><\/tr><\/tbody><\/table><\/figure>\n\n\n\n<hr class=\"wp-block-separator\"\/>\n\n\n\n<figure class=\"wp-block-table tab_pic_up\"><table><tbody><tr><td><strong>Heimatpflege in Westfalen<\/strong><br>Zeitschrift des Westf\u00e4lischen Heimatbundes <br>2015-2017  <br>(Redaktion \/ Schriftleitung)<\/td><td><img data-attachment-id=\"345\" data-permalink=\"https:\/\/www.birgit-gropp.de\/?attachment_id=345\" data-orig-file=\"https:\/\/i0.wp.com\/www.birgit-gropp.de\/dev\/wp-content\/uploads\/2020\/03\/Unbenannt.jpg?fit=611%2C873&amp;ssl=1\" data-orig-size=\"611,873\" data-comments-opened=\"0\" data-image-meta=\"{&quot;aperture&quot;:&quot;0&quot;,&quot;credit&quot;:&quot;Birgit&quot;,&quot;camera&quot;:&quot;&quot;,&quot;caption&quot;:&quot;&quot;,&quot;created_timestamp&quot;:&quot;1590345992&quot;,&quot;copyright&quot;:&quot;&quot;,&quot;focal_length&quot;:&quot;0&quot;,&quot;iso&quot;:&quot;0&quot;,&quot;shutter_speed&quot;:&quot;0&quot;,&quot;title&quot;:&quot;&quot;,&quot;orientation&quot;:&quot;1&quot;}\" data-image-title=\"Unbenannt\" data-image-description=\"\" data-medium-file=\"https:\/\/i0.wp.com\/www.birgit-gropp.de\/dev\/wp-content\/uploads\/2020\/03\/Unbenannt.jpg?fit=210%2C300&amp;ssl=1\" data-large-file=\"https:\/\/i0.wp.com\/www.birgit-gropp.de\/dev\/wp-content\/uploads\/2020\/03\/Unbenannt.jpg?fit=611%2C873&amp;ssl=1\" loading=\"lazy\" width=\"611\" height=\"873\" class=\"wp-image-345\" style=\"width: 220px;\" src=\"https:\/\/i0.wp.com\/birgit-gropp.de\/dev\/wp-content\/uploads\/2020\/03\/Unbenannt.jpg?resize=611%2C873\" alt=\"\" srcset=\"https:\/\/i0.wp.com\/www.birgit-gropp.de\/dev\/wp-content\/uploads\/2020\/03\/Unbenannt.jpg?w=611&amp;ssl=1 611w, https:\/\/i0.wp.com\/www.birgit-gropp.de\/dev\/wp-content\/uploads\/2020\/03\/Unbenannt.jpg?resize=210%2C300&amp;ssl=1 210w, https:\/\/i0.wp.com\/www.birgit-gropp.de\/dev\/wp-content\/uploads\/2020\/03\/Unbenannt.jpg?resize=500%2C714&amp;ssl=1 500w\" sizes=\"(max-width: 611px) 100vw, 611px\" data-recalc-dims=\"1\" \/><\/td><\/tr><\/tbody><\/table><\/figure>\n\n\n\n<hr class=\"wp-block-separator\"\/>\n\n\n\n<figure class=\"wp-block-table tab_pic_up\"><table><tbody><tr><td><img data-attachment-id=\"372\" data-permalink=\"https:\/\/www.birgit-gropp.de\/?attachment_id=372\" data-orig-file=\"https:\/\/i2.wp.com\/www.birgit-gropp.de\/dev\/wp-content\/uploads\/2020\/03\/Bildwelten.jpg?fit=936%2C1200&amp;ssl=1\" data-orig-size=\"936,1200\" data-comments-opened=\"0\" data-image-meta=\"{&quot;aperture&quot;:&quot;0&quot;,&quot;credit&quot;:&quot;&quot;,&quot;camera&quot;:&quot;&quot;,&quot;caption&quot;:&quot;&quot;,&quot;created_timestamp&quot;:&quot;0&quot;,&quot;copyright&quot;:&quot;&quot;,&quot;focal_length&quot;:&quot;0&quot;,&quot;iso&quot;:&quot;0&quot;,&quot;shutter_speed&quot;:&quot;0&quot;,&quot;title&quot;:&quot;&quot;,&quot;orientation&quot;:&quot;0&quot;}\" data-image-title=\"Bildwelten\" data-image-description=\"\" data-medium-file=\"https:\/\/i2.wp.com\/www.birgit-gropp.de\/dev\/wp-content\/uploads\/2020\/03\/Bildwelten.jpg?fit=234%2C300&amp;ssl=1\" data-large-file=\"https:\/\/i2.wp.com\/www.birgit-gropp.de\/dev\/wp-content\/uploads\/2020\/03\/Bildwelten.jpg?fit=799%2C1024&amp;ssl=1\" loading=\"lazy\" width=\"936\" height=\"1200\" class=\"wp-image-372\" style=\"width: 220px;\" src=\"https:\/\/i0.wp.com\/birgit-gropp.de\/dev\/wp-content\/uploads\/2020\/03\/Bildwelten.jpg?resize=936%2C1200\" alt=\"\" srcset=\"https:\/\/i2.wp.com\/www.birgit-gropp.de\/dev\/wp-content\/uploads\/2020\/03\/Bildwelten.jpg?w=936&amp;ssl=1 936w, https:\/\/i2.wp.com\/www.birgit-gropp.de\/dev\/wp-content\/uploads\/2020\/03\/Bildwelten.jpg?resize=234%2C300&amp;ssl=1 234w, https:\/\/i2.wp.com\/www.birgit-gropp.de\/dev\/wp-content\/uploads\/2020\/03\/Bildwelten.jpg?resize=799%2C1024&amp;ssl=1 799w, https:\/\/i2.wp.com\/www.birgit-gropp.de\/dev\/wp-content\/uploads\/2020\/03\/Bildwelten.jpg?resize=768%2C985&amp;ssl=1 768w, https:\/\/i2.wp.com\/www.birgit-gropp.de\/dev\/wp-content\/uploads\/2020\/03\/Bildwelten.jpg?resize=500%2C641&amp;ssl=1 500w\" sizes=\"(max-width: 936px) 100vw, 936px\" data-recalc-dims=\"1\" \/><\/td><td>Anna Skriver \/ Katharina Heiling<br><strong>Bildwelten \u2013 Weltbilder<\/strong><br>Romanische Wandmalerei in Westfalen<br>Phillipp von Zabern, Darmstadt 2017<br>(Lektorat)<\/td><\/tr><\/tbody><\/table><\/figure>\n\n\n\n<hr class=\"wp-block-separator\"\/>\n\n\n\n<figure class=\"wp-block-table tab_pic_up\"><table><tbody><tr><td><strong>Denkmaltopographie der Bundesrepublik Deutschland<\/strong><br>Denkm\u00e4ler in Westfalen<br>Kreis H\u00f6xter, Bd. 1.1<br>Stadt Warburg<br>Hrsg. Landschaftsverband Westfalen-Lippe \/ Stadt Warburg<br>Bearb. von Gotthard Kie\u00dfling, Michael Christian M\u00fcller und Burkhard Wollenweber<br>Imhof Verlag, Petersberg 2015<br>(Lektorat) <\/td><td><img data-attachment-id=\"373\" data-permalink=\"https:\/\/www.birgit-gropp.de\/?attachment_id=373\" data-orig-file=\"https:\/\/i2.wp.com\/www.birgit-gropp.de\/dev\/wp-content\/uploads\/2020\/03\/warburg-titelbild.jpg?fit=635%2C886&amp;ssl=1\" data-orig-size=\"635,886\" data-comments-opened=\"0\" data-image-meta=\"{&quot;aperture&quot;:&quot;0&quot;,&quot;credit&quot;:&quot;&quot;,&quot;camera&quot;:&quot;&quot;,&quot;caption&quot;:&quot;&quot;,&quot;created_timestamp&quot;:&quot;0&quot;,&quot;copyright&quot;:&quot;&quot;,&quot;focal_length&quot;:&quot;0&quot;,&quot;iso&quot;:&quot;0&quot;,&quot;shutter_speed&quot;:&quot;0&quot;,&quot;title&quot;:&quot;&quot;,&quot;orientation&quot;:&quot;0&quot;}\" data-image-title=\"warburg-titelbild\" data-image-description=\"\" data-medium-file=\"https:\/\/i2.wp.com\/www.birgit-gropp.de\/dev\/wp-content\/uploads\/2020\/03\/warburg-titelbild.jpg?fit=215%2C300&amp;ssl=1\" data-large-file=\"https:\/\/i2.wp.com\/www.birgit-gropp.de\/dev\/wp-content\/uploads\/2020\/03\/warburg-titelbild.jpg?fit=635%2C886&amp;ssl=1\" loading=\"lazy\" width=\"635\" height=\"886\" class=\"wp-image-373\" style=\"width: 220px;\" src=\"https:\/\/i2.wp.com\/birgit-gropp.de\/dev\/wp-content\/uploads\/2020\/03\/warburg-titelbild.jpg?resize=635%2C886\" alt=\"\" srcset=\"https:\/\/i2.wp.com\/www.birgit-gropp.de\/dev\/wp-content\/uploads\/2020\/03\/warburg-titelbild.jpg?w=635&amp;ssl=1 635w, https:\/\/i2.wp.com\/www.birgit-gropp.de\/dev\/wp-content\/uploads\/2020\/03\/warburg-titelbild.jpg?resize=215%2C300&amp;ssl=1 215w, https:\/\/i2.wp.com\/www.birgit-gropp.de\/dev\/wp-content\/uploads\/2020\/03\/warburg-titelbild.jpg?resize=500%2C698&amp;ssl=1 500w\" sizes=\"(max-width: 635px) 100vw, 635px\" data-recalc-dims=\"1\" \/><\/td><\/tr><\/tbody><\/table><\/figure>\n\n\n\n<hr class=\"wp-block-separator\"\/>\n\n\n\n<figure class=\"wp-block-table tab_pic_up\"><table><tbody><tr><td><img data-attachment-id=\"374\" data-permalink=\"https:\/\/www.birgit-gropp.de\/?attachment_id=374\" data-orig-file=\"https:\/\/i2.wp.com\/www.birgit-gropp.de\/dev\/wp-content\/uploads\/2020\/03\/Logo_72dpi.jpg?fit=164%2C136&amp;ssl=1\" data-orig-size=\"164,136\" data-comments-opened=\"0\" data-image-meta=\"{&quot;aperture&quot;:&quot;0&quot;,&quot;credit&quot;:&quot;&quot;,&quot;camera&quot;:&quot;&quot;,&quot;caption&quot;:&quot;&quot;,&quot;created_timestamp&quot;:&quot;0&quot;,&quot;copyright&quot;:&quot;&quot;,&quot;focal_length&quot;:&quot;0&quot;,&quot;iso&quot;:&quot;0&quot;,&quot;shutter_speed&quot;:&quot;0&quot;,&quot;title&quot;:&quot;&quot;,&quot;orientation&quot;:&quot;1&quot;}\" data-image-title=\"Logo_72dpi\" data-image-description=\"\" data-medium-file=\"https:\/\/i2.wp.com\/www.birgit-gropp.de\/dev\/wp-content\/uploads\/2020\/03\/Logo_72dpi.jpg?fit=164%2C136&amp;ssl=1\" data-large-file=\"https:\/\/i2.wp.com\/www.birgit-gropp.de\/dev\/wp-content\/uploads\/2020\/03\/Logo_72dpi.jpg?fit=164%2C136&amp;ssl=1\" loading=\"lazy\" width=\"164\" height=\"136\" class=\"wp-image-374\" style=\"width: 200px;\" src=\"https:\/\/i2.wp.com\/birgit-gropp.de\/dev\/wp-content\/uploads\/2020\/03\/Logo_72dpi.jpg?resize=164%2C136\" alt=\"\" data-recalc-dims=\"1\"><\/td><td><strong>Fremde Impulse \u2013 Baudenkmale im Ruhrgebiet<\/strong><br>Buch und Box mit Denkmalkarten<br>Hrsg. Markus Harzenetter u. a.<br>Coppenrath Verlag, M\u00fcnster 2010<br>(Lektorat) <\/td><\/tr><\/tbody><\/table><\/figure>\n\n\n\n<hr class=\"wp-block-separator\"\/>\n\n\n\n<figure class=\"wp-block-table tab_pic_up\"><table><tbody><tr><td><strong>Soundseeing. Kl\u00e4nge zum Angucken<\/strong><br>Drei Jahre Klangkunst im M\u00fcnsterland<br>Hrsg. DA Kunsthaus Kloster Gravenhorst, H\u00f6rstel 2012<\/td><td><img data-attachment-id=\"386\" data-permalink=\"https:\/\/www.birgit-gropp.de\/?attachment_id=386\" data-orig-file=\"https:\/\/i1.wp.com\/www.birgit-gropp.de\/dev\/wp-content\/uploads\/2020\/03\/001-1.jpg?fit=2189%2C1621&amp;ssl=1\" data-orig-size=\"2189,1621\" data-comments-opened=\"0\" data-image-meta=\"{&quot;aperture&quot;:&quot;0&quot;,&quot;credit&quot;:&quot;&quot;,&quot;camera&quot;:&quot;&quot;,&quot;caption&quot;:&quot;&quot;,&quot;created_timestamp&quot;:&quot;1590416004&quot;,&quot;copyright&quot;:&quot;&quot;,&quot;focal_length&quot;:&quot;0&quot;,&quot;iso&quot;:&quot;0&quot;,&quot;shutter_speed&quot;:&quot;0&quot;,&quot;title&quot;:&quot;&quot;,&quot;orientation&quot;:&quot;1&quot;}\" data-image-title=\"001\" data-image-description=\"\" data-medium-file=\"https:\/\/i1.wp.com\/www.birgit-gropp.de\/dev\/wp-content\/uploads\/2020\/03\/001-1.jpg?fit=300%2C222&amp;ssl=1\" data-large-file=\"https:\/\/i1.wp.com\/www.birgit-gropp.de\/dev\/wp-content\/uploads\/2020\/03\/001-1.jpg?fit=970%2C718&amp;ssl=1\" loading=\"lazy\" width=\"970\" height=\"718\" class=\"wp-image-386\" style=\"width: 250px;\" src=\"https:\/\/i2.wp.com\/birgit-gropp.de\/dev\/wp-content\/uploads\/2020\/03\/001-1.jpg?resize=970%2C718\" alt=\"\" srcset=\"https:\/\/i1.wp.com\/www.birgit-gropp.de\/dev\/wp-content\/uploads\/2020\/03\/001-1.jpg?w=2189&amp;ssl=1 2189w, https:\/\/i1.wp.com\/www.birgit-gropp.de\/dev\/wp-content\/uploads\/2020\/03\/001-1.jpg?resize=300%2C222&amp;ssl=1 300w, https:\/\/i1.wp.com\/www.birgit-gropp.de\/dev\/wp-content\/uploads\/2020\/03\/001-1.jpg?resize=1024%2C758&amp;ssl=1 1024w, https:\/\/i1.wp.com\/www.birgit-gropp.de\/dev\/wp-content\/uploads\/2020\/03\/001-1.jpg?resize=768%2C569&amp;ssl=1 768w, https:\/\/i1.wp.com\/www.birgit-gropp.de\/dev\/wp-content\/uploads\/2020\/03\/001-1.jpg?resize=1536%2C1137&amp;ssl=1 1536w, https:\/\/i1.wp.com\/www.birgit-gropp.de\/dev\/wp-content\/uploads\/2020\/03\/001-1.jpg?resize=2048%2C1517&amp;ssl=1 2048w, https:\/\/i1.wp.com\/www.birgit-gropp.de\/dev\/wp-content\/uploads\/2020\/03\/001-1.jpg?resize=1700%2C1259&amp;ssl=1 1700w, https:\/\/i1.wp.com\/www.birgit-gropp.de\/dev\/wp-content\/uploads\/2020\/03\/001-1.jpg?resize=500%2C370&amp;ssl=1 500w, https:\/\/i1.wp.com\/www.birgit-gropp.de\/dev\/wp-content\/uploads\/2020\/03\/001-1.jpg?w=1940&amp;ssl=1 1940w\" sizes=\"(max-width: 970px) 100vw, 970px\" data-recalc-dims=\"1\" \/><\/td><\/tr><\/tbody><\/table><\/figure>\n\n\n\n<hr class=\"wp-block-separator\"\/>\n\n\n\n<figure class=\"wp-block-table tab_pic_up\"><table><tbody><tr><td><img data-attachment-id=\"257\" data-permalink=\"https:\/\/www.birgit-gropp.de\/?attachment_id=257\" data-orig-file=\"https:\/\/www.birgit-gropp.de\/dev\/wp-content\/uploads\/2020\/03\/CoverNutzen.bmp\" data-orig-size=\"231,279\" data-comments-opened=\"0\" data-image-meta=\"{&quot;aperture&quot;:&quot;0&quot;,&quot;credit&quot;:&quot;&quot;,&quot;camera&quot;:&quot;&quot;,&quot;caption&quot;:&quot;&quot;,&quot;created_timestamp&quot;:&quot;0&quot;,&quot;copyright&quot;:&quot;&quot;,&quot;focal_length&quot;:&quot;0&quot;,&quot;iso&quot;:&quot;0&quot;,&quot;shutter_speed&quot;:&quot;0&quot;,&quot;title&quot;:&quot;&quot;,&quot;orientation&quot;:&quot;0&quot;}\" data-image-title=\"CoverNutzen\" data-image-description=\"\" data-medium-file=\"https:\/\/www.birgit-gropp.de\/dev\/wp-content\/uploads\/2020\/03\/CoverNutzen.bmp\" data-large-file=\"https:\/\/www.birgit-gropp.de\/dev\/wp-content\/uploads\/2020\/03\/CoverNutzen.bmp\" loading=\"lazy\" width=\"231\" height=\"279\" class=\"wp-image-257\" style=\"width: 220px;\" src=\"http:\/\/birgit-gropp.de\/dev\/wp-content\/uploads\/2020\/03\/CoverNutzen.bmp\" alt=\"\"><\/td><td><strong><strong>Vom Nutzen des Umnutzens<\/strong><br><\/strong>Umnutzung von denkmalgesch\u00fctzten Geb\u00e4uden<br>Hrsg. Europ\u00e4isches Haus der Stadtkultur e. V. u. a.<br>B\u00f6nen 2009<br>(Lektorat) <\/td><\/tr><\/tbody><\/table><\/figure>\n\n\n\n<hr class=\"wp-block-separator\"\/>\n\n\n\n<figure class=\"wp-block-table tab_pic_up\"><table><tbody><tr><td><strong><strong>Melchior Lechters Gegenwelten<\/strong><br><\/strong>Kunst um 1900 zwischen M\u00fcnster, Indien und Berlin<br>Hrsg. J\u00fcrgen Krause und Sebastian Sch\u00fctze<br>Ausst.-Kat. LWL-Museum f\u00fcr Kunst und Kulturgeschichte<br>M\u00fcnster 2006<br>(Lektorat) <\/td><td><img data-attachment-id=\"375\" data-permalink=\"https:\/\/www.birgit-gropp.de\/?attachment_id=375\" data-orig-file=\"https:\/\/i1.wp.com\/www.birgit-gropp.de\/dev\/wp-content\/uploads\/2020\/03\/CoverMelchior.jpg?fit=850%2C1169&amp;ssl=1\" data-orig-size=\"850,1169\" data-comments-opened=\"0\" data-image-meta=\"{&quot;aperture&quot;:&quot;0&quot;,&quot;credit&quot;:&quot;&quot;,&quot;camera&quot;:&quot;&quot;,&quot;caption&quot;:&quot;&quot;,&quot;created_timestamp&quot;:&quot;0&quot;,&quot;copyright&quot;:&quot;&quot;,&quot;focal_length&quot;:&quot;0&quot;,&quot;iso&quot;:&quot;0&quot;,&quot;shutter_speed&quot;:&quot;0&quot;,&quot;title&quot;:&quot;&quot;,&quot;orientation&quot;:&quot;0&quot;}\" data-image-title=\"CoverMelchior\" data-image-description=\"\" data-medium-file=\"https:\/\/i1.wp.com\/www.birgit-gropp.de\/dev\/wp-content\/uploads\/2020\/03\/CoverMelchior.jpg?fit=218%2C300&amp;ssl=1\" data-large-file=\"https:\/\/i1.wp.com\/www.birgit-gropp.de\/dev\/wp-content\/uploads\/2020\/03\/CoverMelchior.jpg?fit=745%2C1024&amp;ssl=1\" loading=\"lazy\" width=\"850\" height=\"1169\" class=\"wp-image-375\" style=\"width: 220px;\" src=\"https:\/\/i1.wp.com\/birgit-gropp.de\/dev\/wp-content\/uploads\/2020\/03\/CoverMelchior.jpg?resize=850%2C1169\" alt=\"\" srcset=\"https:\/\/i1.wp.com\/www.birgit-gropp.de\/dev\/wp-content\/uploads\/2020\/03\/CoverMelchior.jpg?w=850&amp;ssl=1 850w, https:\/\/i1.wp.com\/www.birgit-gropp.de\/dev\/wp-content\/uploads\/2020\/03\/CoverMelchior.jpg?resize=218%2C300&amp;ssl=1 218w, https:\/\/i1.wp.com\/www.birgit-gropp.de\/dev\/wp-content\/uploads\/2020\/03\/CoverMelchior.jpg?resize=745%2C1024&amp;ssl=1 745w, https:\/\/i1.wp.com\/www.birgit-gropp.de\/dev\/wp-content\/uploads\/2020\/03\/CoverMelchior.jpg?resize=768%2C1056&amp;ssl=1 768w, https:\/\/i1.wp.com\/www.birgit-gropp.de\/dev\/wp-content\/uploads\/2020\/03\/CoverMelchior.jpg?resize=500%2C688&amp;ssl=1 500w\" sizes=\"(max-width: 850px) 100vw, 850px\" data-recalc-dims=\"1\" \/><\/td><\/tr><\/tbody><\/table><\/figure>\n\n\n\n<hr class=\"wp-block-separator\"\/>\n\n\n\n<figure class=\"wp-block-table tab_pic_up\"><table><tbody><tr><td><img data-attachment-id=\"377\" data-permalink=\"https:\/\/www.birgit-gropp.de\/?attachment_id=377\" data-orig-file=\"https:\/\/i2.wp.com\/www.birgit-gropp.de\/dev\/wp-content\/uploads\/2020\/03\/Brabender.jpg?fit=240%2C340&amp;ssl=1\" data-orig-size=\"240,340\" data-comments-opened=\"0\" data-image-meta=\"{&quot;aperture&quot;:&quot;0&quot;,&quot;credit&quot;:&quot;&quot;,&quot;camera&quot;:&quot;&quot;,&quot;caption&quot;:&quot;&quot;,&quot;created_timestamp&quot;:&quot;0&quot;,&quot;copyright&quot;:&quot;&quot;,&quot;focal_length&quot;:&quot;0&quot;,&quot;iso&quot;:&quot;0&quot;,&quot;shutter_speed&quot;:&quot;0&quot;,&quot;title&quot;:&quot;&quot;,&quot;orientation&quot;:&quot;0&quot;}\" data-image-title=\"Brabender\" data-image-description=\"\" data-medium-file=\"https:\/\/i2.wp.com\/www.birgit-gropp.de\/dev\/wp-content\/uploads\/2020\/03\/Brabender.jpg?fit=212%2C300&amp;ssl=1\" data-large-file=\"https:\/\/i2.wp.com\/www.birgit-gropp.de\/dev\/wp-content\/uploads\/2020\/03\/Brabender.jpg?fit=240%2C340&amp;ssl=1\" loading=\"lazy\" width=\"240\" height=\"340\" class=\"wp-image-377\" style=\"width: 210px;\" src=\"https:\/\/i1.wp.com\/birgit-gropp.de\/dev\/wp-content\/uploads\/2020\/03\/Brabender.jpg?resize=240%2C340\" alt=\"\" srcset=\"https:\/\/i2.wp.com\/www.birgit-gropp.de\/dev\/wp-content\/uploads\/2020\/03\/Brabender.jpg?w=240&amp;ssl=1 240w, https:\/\/i2.wp.com\/www.birgit-gropp.de\/dev\/wp-content\/uploads\/2020\/03\/Brabender.jpg?resize=212%2C300&amp;ssl=1 212w\" sizes=\"(max-width: 240px) 100vw, 240px\" data-recalc-dims=\"1\" \/><\/td><td><strong><strong>Die Brabender<\/strong><br><\/strong>Skulptur am \u00dcbergang vom Sp\u00e4tmittelalter zur Renaissance<br>Hrsg. Hermann Arnhold<br>Ausst.-Kat. LWL-Museum f\u00fcr Kunst und Kulturgeschichte<br>M\u00fcnster 2005<br>(Lektorat)  <\/td><\/tr><\/tbody><\/table><\/figure>\n\n\n\n<a name=\"ausstellungen\"><\/a>\n\n\n\n<h2>Ausstellungen<\/h2>\n\n\n\n<figure class=\"wp-block-table tab_pic_up\"><table><tbody><tr><td class=\"has-text-align-center\" data-align=\"center\"><img alt=\"\"><img src=\"https:\/\/i0.wp.com\/www.birgit-gropp.de\/dev\/wp-content\/uploads\/2022\/09\/IMG_5472-1.jpg?resize=970%2C728&#038;ssl=1\" style=\"width: 290px;\" alt=\"\" data-recalc-dims=\"1\">    <\/td><td><strong>Schatzkammer auf Haus Brincke<\/strong><br>Borgholzhausen<br>Konzeption und Einrichtung einer Dauerausstellung <br>zur katholischen Glaubenspraxis<br>Er\u00f6ffnung Oktober 2018<br>(Kuratorin) <br><\/td><\/tr><\/tbody><\/table><\/figure>\n\n\n\n<hr class=\"wp-block-separator\"\/>\n\n\n\n<figure class=\"wp-block-table tab_pic_up\"><table><tbody><tr><td><strong>S\u00fcdwestf\u00e4lische Galerie<\/strong><br>Schmallenberg-Holthausen<br>Konzeption und Einrichtung einer Dauerausstellung <br>zur Kunst des Sauerlandes<br>Er\u00f6ffnung Mai 2008<br>(Kuratorin)<br><\/td><td><img data-attachment-id=\"392\" data-permalink=\"https:\/\/www.birgit-gropp.de\/?attachment_id=392\" data-orig-file=\"https:\/\/i1.wp.com\/www.birgit-gropp.de\/dev\/wp-content\/uploads\/2020\/03\/Galerie1_sauerland.jpg?fit=2011%2C1341&amp;ssl=1\" data-orig-size=\"2011,1341\" data-comments-opened=\"0\" data-image-meta=\"{&quot;aperture&quot;:&quot;4.5&quot;,&quot;credit&quot;:&quot;&quot;,&quot;camera&quot;:&quot;Canon EOS 50D&quot;,&quot;caption&quot;:&quot;&quot;,&quot;created_timestamp&quot;:&quot;1243587680&quot;,&quot;copyright&quot;:&quot;&quot;,&quot;focal_length&quot;:&quot;10&quot;,&quot;iso&quot;:&quot;400&quot;,&quot;shutter_speed&quot;:&quot;0.8&quot;,&quot;title&quot;:&quot;&quot;,&quot;orientation&quot;:&quot;1&quot;}\" data-image-title=\"Galerie1_sauerland\" data-image-description=\"\" data-medium-file=\"https:\/\/i1.wp.com\/www.birgit-gropp.de\/dev\/wp-content\/uploads\/2020\/03\/Galerie1_sauerland.jpg?fit=300%2C200&amp;ssl=1\" data-large-file=\"https:\/\/i1.wp.com\/www.birgit-gropp.de\/dev\/wp-content\/uploads\/2020\/03\/Galerie1_sauerland.jpg?fit=970%2C647&amp;ssl=1\" loading=\"lazy\" width=\"970\" height=\"647\" class=\"wp-image-392\" style=\"width: 300px;\" src=\"https:\/\/i1.wp.com\/birgit-gropp.de\/dev\/wp-content\/uploads\/2020\/03\/Galerie1_sauerland.jpg?resize=970%2C647\" alt=\"\" srcset=\"https:\/\/i1.wp.com\/www.birgit-gropp.de\/dev\/wp-content\/uploads\/2020\/03\/Galerie1_sauerland.jpg?w=2011&amp;ssl=1 2011w, https:\/\/i1.wp.com\/www.birgit-gropp.de\/dev\/wp-content\/uploads\/2020\/03\/Galerie1_sauerland.jpg?resize=300%2C200&amp;ssl=1 300w, https:\/\/i1.wp.com\/www.birgit-gropp.de\/dev\/wp-content\/uploads\/2020\/03\/Galerie1_sauerland.jpg?resize=1024%2C683&amp;ssl=1 1024w, https:\/\/i1.wp.com\/www.birgit-gropp.de\/dev\/wp-content\/uploads\/2020\/03\/Galerie1_sauerland.jpg?resize=768%2C512&amp;ssl=1 768w, https:\/\/i1.wp.com\/www.birgit-gropp.de\/dev\/wp-content\/uploads\/2020\/03\/Galerie1_sauerland.jpg?resize=1536%2C1024&amp;ssl=1 1536w, https:\/\/i1.wp.com\/www.birgit-gropp.de\/dev\/wp-content\/uploads\/2020\/03\/Galerie1_sauerland.jpg?resize=1700%2C1134&amp;ssl=1 1700w, https:\/\/i1.wp.com\/www.birgit-gropp.de\/dev\/wp-content\/uploads\/2020\/03\/Galerie1_sauerland.jpg?resize=500%2C333&amp;ssl=1 500w, https:\/\/i1.wp.com\/www.birgit-gropp.de\/dev\/wp-content\/uploads\/2020\/03\/Galerie1_sauerland.jpg?w=1940&amp;ssl=1 1940w\" sizes=\"(max-width: 970px) 100vw, 970px\" data-recalc-dims=\"1\" \/><\/td><\/tr><\/tbody><\/table><\/figure>\n\n\n\n<hr class=\"wp-block-separator\"\/>\n\n\n\n<figure class=\"wp-block-table tab_pic_up\"><table><tbody><tr><td><img data-attachment-id=\"400\" data-permalink=\"https:\/\/www.birgit-gropp.de\/?attachment_id=400\" data-orig-file=\"https:\/\/i2.wp.com\/www.birgit-gropp.de\/dev\/wp-content\/uploads\/2020\/03\/Gratia-Dei.jpg?fit=100%2C135&amp;ssl=1\" data-orig-size=\"100,135\" data-comments-opened=\"0\" data-image-meta=\"{&quot;aperture&quot;:&quot;0&quot;,&quot;credit&quot;:&quot;&quot;,&quot;camera&quot;:&quot;&quot;,&quot;caption&quot;:&quot;&quot;,&quot;created_timestamp&quot;:&quot;0&quot;,&quot;copyright&quot;:&quot;&quot;,&quot;focal_length&quot;:&quot;0&quot;,&quot;iso&quot;:&quot;0&quot;,&quot;shutter_speed&quot;:&quot;0&quot;,&quot;title&quot;:&quot;&quot;,&quot;orientation&quot;:&quot;0&quot;}\" data-image-title=\"Gratia Dei\" data-image-description=\"\" data-medium-file=\"https:\/\/i2.wp.com\/www.birgit-gropp.de\/dev\/wp-content\/uploads\/2020\/03\/Gratia-Dei.jpg?fit=100%2C135&amp;ssl=1\" data-large-file=\"https:\/\/i2.wp.com\/www.birgit-gropp.de\/dev\/wp-content\/uploads\/2020\/03\/Gratia-Dei.jpg?fit=100%2C135&amp;ssl=1\" loading=\"lazy\" width=\"100\" height=\"135\" class=\"wp-image-400\" style=\"width: 180px;\" src=\"https:\/\/i1.wp.com\/birgit-gropp.de\/dev\/wp-content\/uploads\/2020\/03\/Gratia-Dei.jpg?resize=100%2C135\" alt=\"\" data-recalc-dims=\"1\"><\/td><td><strong>Gratia Dei<\/strong><br><strong>Das Leben im Mittelalter<\/strong><br>LWL-Museum f\u00fcr Kunst und Kulturgeschichte <br>M\u00fcnster, Oktober 2004 bis Januar 2005<br>(Mitarbeit)<\/td><\/tr><\/tbody><\/table><\/figure>\n\n\n\n<hr class=\"wp-block-separator\"\/>\n\n\n\n<figure class=\"wp-block-table tab_pic_up\"><table><tbody><tr><td><strong>Natur im Blick<\/strong><br><strong>K\u00fcnstler sehen die Natur von Otto Modersohn bis Rosemarie Trockel<\/strong><br>Arbeiten auf Papier aus der Sammlung der Westf\u00e4lischen Provinzial-Versicherungen und aus dem LWL-Museum f\u00fcr Kunst und Kulturgeschichte M\u00fcnster<br>Schloss Cappenberg, Kreis Unna, Oktober 2004 bis Februar 2005 <br>(Kuratorin, Autorin)<\/td><td><img data-attachment-id=\"404\" data-permalink=\"https:\/\/www.birgit-gropp.de\/?attachment_id=404\" data-orig-file=\"https:\/\/i1.wp.com\/www.birgit-gropp.de\/dev\/wp-content\/uploads\/2020\/03\/EK-Natur-im-Blick.jpg?fit=1631%2C856&amp;ssl=1\" data-orig-size=\"1631,856\" data-comments-opened=\"0\" data-image-meta=\"{&quot;aperture&quot;:&quot;0&quot;,&quot;credit&quot;:&quot;&quot;,&quot;camera&quot;:&quot;&quot;,&quot;caption&quot;:&quot;&quot;,&quot;created_timestamp&quot;:&quot;1590422324&quot;,&quot;copyright&quot;:&quot;&quot;,&quot;focal_length&quot;:&quot;0&quot;,&quot;iso&quot;:&quot;0&quot;,&quot;shutter_speed&quot;:&quot;0&quot;,&quot;title&quot;:&quot;&quot;,&quot;orientation&quot;:&quot;1&quot;}\" data-image-title=\"EK Natur im Blick\" data-image-description=\"\" data-medium-file=\"https:\/\/i1.wp.com\/www.birgit-gropp.de\/dev\/wp-content\/uploads\/2020\/03\/EK-Natur-im-Blick.jpg?fit=300%2C157&amp;ssl=1\" data-large-file=\"https:\/\/i1.wp.com\/www.birgit-gropp.de\/dev\/wp-content\/uploads\/2020\/03\/EK-Natur-im-Blick.jpg?fit=970%2C509&amp;ssl=1\" loading=\"lazy\" width=\"970\" height=\"509\" class=\"wp-image-404\" style=\"width: 400px;\" src=\"https:\/\/i2.wp.com\/birgit-gropp.de\/dev\/wp-content\/uploads\/2020\/03\/EK-Natur-im-Blick.jpg?resize=970%2C509\" alt=\"\" srcset=\"https:\/\/i1.wp.com\/www.birgit-gropp.de\/dev\/wp-content\/uploads\/2020\/03\/EK-Natur-im-Blick.jpg?w=1631&amp;ssl=1 1631w, https:\/\/i1.wp.com\/www.birgit-gropp.de\/dev\/wp-content\/uploads\/2020\/03\/EK-Natur-im-Blick.jpg?resize=300%2C157&amp;ssl=1 300w, https:\/\/i1.wp.com\/www.birgit-gropp.de\/dev\/wp-content\/uploads\/2020\/03\/EK-Natur-im-Blick.jpg?resize=1024%2C537&amp;ssl=1 1024w, https:\/\/i1.wp.com\/www.birgit-gropp.de\/dev\/wp-content\/uploads\/2020\/03\/EK-Natur-im-Blick.jpg?resize=768%2C403&amp;ssl=1 768w, https:\/\/i1.wp.com\/www.birgit-gropp.de\/dev\/wp-content\/uploads\/2020\/03\/EK-Natur-im-Blick.jpg?resize=1536%2C806&amp;ssl=1 1536w, https:\/\/i1.wp.com\/www.birgit-gropp.de\/dev\/wp-content\/uploads\/2020\/03\/EK-Natur-im-Blick.jpg?resize=500%2C262&amp;ssl=1 500w\" sizes=\"(max-width: 970px) 100vw, 970px\" data-recalc-dims=\"1\" \/><\/td><\/tr><\/tbody><\/table><\/figure>\n\n\n\n<hr class=\"wp-block-separator\"\/>\n\n\n\n<figure class=\"wp-block-table tab_pic_up\"><table><tbody><tr><td><img data-attachment-id=\"407\" data-permalink=\"https:\/\/www.birgit-gropp.de\/?attachment_id=407\" data-orig-file=\"https:\/\/i0.wp.com\/www.birgit-gropp.de\/dev\/wp-content\/uploads\/2020\/03\/csm_Clasing_Heinrich_Ausweis_1930_da6ebdfe4d.jpg?fit=710%2C950&amp;ssl=1\" data-orig-size=\"710,950\" data-comments-opened=\"0\" data-image-meta=\"{&quot;aperture&quot;:&quot;0&quot;,&quot;credit&quot;:&quot;&quot;,&quot;camera&quot;:&quot;&quot;,&quot;caption&quot;:&quot;&quot;,&quot;created_timestamp&quot;:&quot;0&quot;,&quot;copyright&quot;:&quot;&quot;,&quot;focal_length&quot;:&quot;0&quot;,&quot;iso&quot;:&quot;0&quot;,&quot;shutter_speed&quot;:&quot;0&quot;,&quot;title&quot;:&quot;&quot;,&quot;orientation&quot;:&quot;0&quot;}\" data-image-title=\"csm_Clasing_Heinrich_Ausweis_1930_da6ebdfe4d\" data-image-description=\"\" data-medium-file=\"https:\/\/i0.wp.com\/www.birgit-gropp.de\/dev\/wp-content\/uploads\/2020\/03\/csm_Clasing_Heinrich_Ausweis_1930_da6ebdfe4d.jpg?fit=224%2C300&amp;ssl=1\" data-large-file=\"https:\/\/i0.wp.com\/www.birgit-gropp.de\/dev\/wp-content\/uploads\/2020\/03\/csm_Clasing_Heinrich_Ausweis_1930_da6ebdfe4d.jpg?fit=710%2C950&amp;ssl=1\" loading=\"lazy\" width=\"710\" height=\"950\" class=\"wp-image-407\" style=\"width: 200px;\" src=\"https:\/\/i1.wp.com\/birgit-gropp.de\/dev\/wp-content\/uploads\/2020\/03\/csm_Clasing_Heinrich_Ausweis_1930_da6ebdfe4d.jpg?resize=710%2C950\" alt=\"\" srcset=\"https:\/\/i0.wp.com\/www.birgit-gropp.de\/dev\/wp-content\/uploads\/2020\/03\/csm_Clasing_Heinrich_Ausweis_1930_da6ebdfe4d.jpg?w=710&amp;ssl=1 710w, https:\/\/i0.wp.com\/www.birgit-gropp.de\/dev\/wp-content\/uploads\/2020\/03\/csm_Clasing_Heinrich_Ausweis_1930_da6ebdfe4d.jpg?resize=224%2C300&amp;ssl=1 224w, https:\/\/i0.wp.com\/www.birgit-gropp.de\/dev\/wp-content\/uploads\/2020\/03\/csm_Clasing_Heinrich_Ausweis_1930_da6ebdfe4d.jpg?resize=500%2C669&amp;ssl=1 500w\" sizes=\"(max-width: 710px) 100vw, 710px\" data-recalc-dims=\"1\" \/><\/td><td><strong>Eine Hommage an den Kunsth\u00e4ndler Heinrich Clasing <\/strong><br>LWL-Museum f\u00fcr Kunst und Kulturgeschichte<br>M\u00fcnster, Oktober 2003 bis Januar 2004<br>(Kuratorin, Autorin)<\/td><\/tr><\/tbody><\/table><\/figure>\n\n\n\n<hr class=\"wp-block-separator\"\/>\n\n\n\n<figure class=\"wp-block-table tab_pic_up\"><table><tbody><tr><td><strong>Edvard Munch<\/strong><br>Das graphische Werk aus dem Berliner Kupferstichkabinett<br>LWL-Museum f\u00fcr Kunst und Kulturgeschichte<br>M\u00fcnster, November 2003 bis Februar 2004<br>(Mitarbeit)<\/td><td><img data-attachment-id=\"417\" data-permalink=\"https:\/\/www.birgit-gropp.de\/?attachment_id=417\" data-orig-file=\"https:\/\/i2.wp.com\/www.birgit-gropp.de\/dev\/wp-content\/uploads\/2020\/03\/Munch.jpg?fit=1570%2C2131&amp;ssl=1\" data-orig-size=\"1570,2131\" data-comments-opened=\"0\" data-image-meta=\"{&quot;aperture&quot;:&quot;0&quot;,&quot;credit&quot;:&quot;&quot;,&quot;camera&quot;:&quot;&quot;,&quot;caption&quot;:&quot;&quot;,&quot;created_timestamp&quot;:&quot;1590423966&quot;,&quot;copyright&quot;:&quot;&quot;,&quot;focal_length&quot;:&quot;0&quot;,&quot;iso&quot;:&quot;0&quot;,&quot;shutter_speed&quot;:&quot;0&quot;,&quot;title&quot;:&quot;&quot;,&quot;orientation&quot;:&quot;1&quot;}\" data-image-title=\"Munch\" data-image-description=\"\" data-medium-file=\"https:\/\/i2.wp.com\/www.birgit-gropp.de\/dev\/wp-content\/uploads\/2020\/03\/Munch.jpg?fit=221%2C300&amp;ssl=1\" data-large-file=\"https:\/\/i2.wp.com\/www.birgit-gropp.de\/dev\/wp-content\/uploads\/2020\/03\/Munch.jpg?fit=754%2C1024&amp;ssl=1\" loading=\"lazy\" width=\"970\" height=\"1317\" class=\"wp-image-417\" style=\"width: 180px;\" src=\"https:\/\/i1.wp.com\/birgit-gropp.de\/dev\/wp-content\/uploads\/2020\/03\/Munch.jpg?resize=970%2C1317\" alt=\"\" srcset=\"https:\/\/i2.wp.com\/www.birgit-gropp.de\/dev\/wp-content\/uploads\/2020\/03\/Munch.jpg?w=1570&amp;ssl=1 1570w, https:\/\/i2.wp.com\/www.birgit-gropp.de\/dev\/wp-content\/uploads\/2020\/03\/Munch.jpg?resize=221%2C300&amp;ssl=1 221w, https:\/\/i2.wp.com\/www.birgit-gropp.de\/dev\/wp-content\/uploads\/2020\/03\/Munch.jpg?resize=754%2C1024&amp;ssl=1 754w, https:\/\/i2.wp.com\/www.birgit-gropp.de\/dev\/wp-content\/uploads\/2020\/03\/Munch.jpg?resize=768%2C1042&amp;ssl=1 768w, https:\/\/i2.wp.com\/www.birgit-gropp.de\/dev\/wp-content\/uploads\/2020\/03\/Munch.jpg?resize=1132%2C1536&amp;ssl=1 1132w, https:\/\/i2.wp.com\/www.birgit-gropp.de\/dev\/wp-content\/uploads\/2020\/03\/Munch.jpg?resize=1509%2C2048&amp;ssl=1 1509w, https:\/\/i2.wp.com\/www.birgit-gropp.de\/dev\/wp-content\/uploads\/2020\/03\/Munch.jpg?resize=500%2C679&amp;ssl=1 500w\" sizes=\"(max-width: 970px) 100vw, 970px\" data-recalc-dims=\"1\" \/><\/td><\/tr><\/tbody><\/table><\/figure>\n\n\n\n<hr class=\"wp-block-separator\"\/>\n\n\n\n<figure class=\"wp-block-table tab_pic_up\"><table><tbody><tr><td><img data-attachment-id=\"414\" data-permalink=\"https:\/\/www.birgit-gropp.de\/?attachment_id=414\" data-orig-file=\"https:\/\/i2.wp.com\/www.birgit-gropp.de\/dev\/wp-content\/uploads\/2020\/03\/br\u00fccken.jpg?fit=983%2C814&amp;ssl=1\" data-orig-size=\"983,814\" data-comments-opened=\"0\" data-image-meta=\"{&quot;aperture&quot;:&quot;0&quot;,&quot;credit&quot;:&quot;&quot;,&quot;camera&quot;:&quot;&quot;,&quot;caption&quot;:&quot;&quot;,&quot;created_timestamp&quot;:&quot;1590423359&quot;,&quot;copyright&quot;:&quot;&quot;,&quot;focal_length&quot;:&quot;0&quot;,&quot;iso&quot;:&quot;0&quot;,&quot;shutter_speed&quot;:&quot;0&quot;,&quot;title&quot;:&quot;&quot;,&quot;orientation&quot;:&quot;1&quot;}\" data-image-title=\"br\u00fccken\" data-image-description=\"\" data-medium-file=\"https:\/\/i2.wp.com\/www.birgit-gropp.de\/dev\/wp-content\/uploads\/2020\/03\/br\u00fccken.jpg?fit=300%2C248&amp;ssl=1\" data-large-file=\"https:\/\/i2.wp.com\/www.birgit-gropp.de\/dev\/wp-content\/uploads\/2020\/03\/br\u00fccken.jpg?fit=970%2C803&amp;ssl=1\" loading=\"lazy\" width=\"970\" height=\"803\" class=\"wp-image-414\" style=\"width: 250px;\" src=\"https:\/\/i1.wp.com\/birgit-gropp.de\/dev\/wp-content\/uploads\/2020\/03\/br\u00fccken.jpg?resize=970%2C803\" alt=\"\" srcset=\"https:\/\/i2.wp.com\/www.birgit-gropp.de\/dev\/wp-content\/uploads\/2020\/03\/br\u00fccken.jpg?w=983&amp;ssl=1 983w, https:\/\/i2.wp.com\/www.birgit-gropp.de\/dev\/wp-content\/uploads\/2020\/03\/br\u00fccken.jpg?resize=300%2C248&amp;ssl=1 300w, https:\/\/i2.wp.com\/www.birgit-gropp.de\/dev\/wp-content\/uploads\/2020\/03\/br\u00fccken.jpg?resize=768%2C636&amp;ssl=1 768w, https:\/\/i2.wp.com\/www.birgit-gropp.de\/dev\/wp-content\/uploads\/2020\/03\/br\u00fccken.jpg?resize=500%2C414&amp;ssl=1 500w\" sizes=\"(max-width: 970px) 100vw, 970px\" data-recalc-dims=\"1\" \/><\/td><td><br><strong>K\u00fcnstler der \u201eBr\u00fccke\u201c<\/strong><br>Aquarelle, Zeichnungen, Druckgraphik<br>aus dem LWL-Museum f\u00fcr Kunst und Kulturgeschichte M\u00fcnster<br>Museum Kloster Bentlage, Rheine, M\u00e4rz bis Mai 2003<br>(Kuratorin)<\/td><\/tr><\/tbody><\/table><\/figure>\n\n\n\n<hr class=\"wp-block-separator\"\/>\n\n\n\n<figure class=\"wp-block-table tab_pic_up\"><table><tbody><tr><td><strong>Zerbrochen sind die Fesseln des Schlendrians<br>Westfalens Aufbruch in die Moderne<\/strong><br>LWL-Museum f\u00fcr Kunst und Kulturgeschichte M\u00fcnster<br>Oktober 2002 bis M\u00e4rz 2003<br>(Mitarbeit)<\/td><td><img data-attachment-id=\"419\" data-permalink=\"https:\/\/www.birgit-gropp.de\/?attachment_id=419\" data-orig-file=\"https:\/\/i0.wp.com\/www.birgit-gropp.de\/dev\/wp-content\/uploads\/2020\/03\/zerbrochen.jpg?fit=2294%2C1585&amp;ssl=1\" data-orig-size=\"2294,1585\" data-comments-opened=\"0\" data-image-meta=\"{&quot;aperture&quot;:&quot;0&quot;,&quot;credit&quot;:&quot;&quot;,&quot;camera&quot;:&quot;&quot;,&quot;caption&quot;:&quot;&quot;,&quot;created_timestamp&quot;:&quot;1590424456&quot;,&quot;copyright&quot;:&quot;&quot;,&quot;focal_length&quot;:&quot;0&quot;,&quot;iso&quot;:&quot;0&quot;,&quot;shutter_speed&quot;:&quot;0&quot;,&quot;title&quot;:&quot;&quot;,&quot;orientation&quot;:&quot;1&quot;}\" data-image-title=\"zerbrochen\" data-image-description=\"\" data-medium-file=\"https:\/\/i0.wp.com\/www.birgit-gropp.de\/dev\/wp-content\/uploads\/2020\/03\/zerbrochen.jpg?fit=300%2C207&amp;ssl=1\" data-large-file=\"https:\/\/i0.wp.com\/www.birgit-gropp.de\/dev\/wp-content\/uploads\/2020\/03\/zerbrochen.jpg?fit=970%2C671&amp;ssl=1\" loading=\"lazy\" width=\"970\" height=\"670\" class=\"wp-image-419\" style=\"width: 250px;\" src=\"https:\/\/i0.wp.com\/birgit-gropp.de\/dev\/wp-content\/uploads\/2020\/03\/zerbrochen.jpg?resize=970%2C670\" alt=\"\" srcset=\"https:\/\/i0.wp.com\/www.birgit-gropp.de\/dev\/wp-content\/uploads\/2020\/03\/zerbrochen.jpg?w=2294&amp;ssl=1 2294w, https:\/\/i0.wp.com\/www.birgit-gropp.de\/dev\/wp-content\/uploads\/2020\/03\/zerbrochen.jpg?resize=300%2C207&amp;ssl=1 300w, https:\/\/i0.wp.com\/www.birgit-gropp.de\/dev\/wp-content\/uploads\/2020\/03\/zerbrochen.jpg?resize=1024%2C708&amp;ssl=1 1024w, https:\/\/i0.wp.com\/www.birgit-gropp.de\/dev\/wp-content\/uploads\/2020\/03\/zerbrochen.jpg?resize=768%2C531&amp;ssl=1 768w, https:\/\/i0.wp.com\/www.birgit-gropp.de\/dev\/wp-content\/uploads\/2020\/03\/zerbrochen.jpg?resize=1536%2C1061&amp;ssl=1 1536w, https:\/\/i0.wp.com\/www.birgit-gropp.de\/dev\/wp-content\/uploads\/2020\/03\/zerbrochen.jpg?resize=2048%2C1415&amp;ssl=1 2048w, https:\/\/i0.wp.com\/www.birgit-gropp.de\/dev\/wp-content\/uploads\/2020\/03\/zerbrochen.jpg?resize=1700%2C1175&amp;ssl=1 1700w, https:\/\/i0.wp.com\/www.birgit-gropp.de\/dev\/wp-content\/uploads\/2020\/03\/zerbrochen.jpg?resize=500%2C345&amp;ssl=1 500w, https:\/\/i0.wp.com\/www.birgit-gropp.de\/dev\/wp-content\/uploads\/2020\/03\/zerbrochen.jpg?w=1940&amp;ssl=1 1940w\" sizes=\"(max-width: 970px) 100vw, 970px\" data-recalc-dims=\"1\" \/><\/td><\/tr><\/tbody><\/table><\/figure>\n\n\n\n<hr class=\"wp-block-separator\"\/>\n\n\n\n<figure class=\"wp-block-table tab_pic_up\"><table><tbody><tr><td><img data-attachment-id=\"421\" data-permalink=\"https:\/\/www.birgit-gropp.de\/?attachment_id=421\" data-orig-file=\"https:\/\/i0.wp.com\/www.birgit-gropp.de\/dev\/wp-content\/uploads\/2020\/03\/Brice.jpg?fit=2051%2C1531&amp;ssl=1\" data-orig-size=\"2051,1531\" data-comments-opened=\"0\" data-image-meta=\"{&quot;aperture&quot;:&quot;0&quot;,&quot;credit&quot;:&quot;&quot;,&quot;camera&quot;:&quot;&quot;,&quot;caption&quot;:&quot;&quot;,&quot;created_timestamp&quot;:&quot;1590424750&quot;,&quot;copyright&quot;:&quot;&quot;,&quot;focal_length&quot;:&quot;0&quot;,&quot;iso&quot;:&quot;0&quot;,&quot;shutter_speed&quot;:&quot;0&quot;,&quot;title&quot;:&quot;&quot;,&quot;orientation&quot;:&quot;1&quot;}\" data-image-title=\"Brice\" data-image-description=\"\" data-medium-file=\"https:\/\/i0.wp.com\/www.birgit-gropp.de\/dev\/wp-content\/uploads\/2020\/03\/Brice.jpg?fit=300%2C224&amp;ssl=1\" data-large-file=\"https:\/\/i0.wp.com\/www.birgit-gropp.de\/dev\/wp-content\/uploads\/2020\/03\/Brice.jpg?fit=970%2C724&amp;ssl=1\" loading=\"lazy\" width=\"970\" height=\"724\" class=\"wp-image-421\" style=\"width: 200px;\" src=\"https:\/\/i0.wp.com\/birgit-gropp.de\/dev\/wp-content\/uploads\/2020\/03\/Brice.jpg?resize=970%2C724\" alt=\"\" srcset=\"https:\/\/i0.wp.com\/www.birgit-gropp.de\/dev\/wp-content\/uploads\/2020\/03\/Brice.jpg?w=2051&amp;ssl=1 2051w, https:\/\/i0.wp.com\/www.birgit-gropp.de\/dev\/wp-content\/uploads\/2020\/03\/Brice.jpg?resize=300%2C224&amp;ssl=1 300w, https:\/\/i0.wp.com\/www.birgit-gropp.de\/dev\/wp-content\/uploads\/2020\/03\/Brice.jpg?resize=1024%2C764&amp;ssl=1 1024w, https:\/\/i0.wp.com\/www.birgit-gropp.de\/dev\/wp-content\/uploads\/2020\/03\/Brice.jpg?resize=768%2C573&amp;ssl=1 768w, https:\/\/i0.wp.com\/www.birgit-gropp.de\/dev\/wp-content\/uploads\/2020\/03\/Brice.jpg?resize=1536%2C1147&amp;ssl=1 1536w, https:\/\/i0.wp.com\/www.birgit-gropp.de\/dev\/wp-content\/uploads\/2020\/03\/Brice.jpg?resize=2048%2C1529&amp;ssl=1 2048w, https:\/\/i0.wp.com\/www.birgit-gropp.de\/dev\/wp-content\/uploads\/2020\/03\/Brice.jpg?resize=1700%2C1269&amp;ssl=1 1700w, https:\/\/i0.wp.com\/www.birgit-gropp.de\/dev\/wp-content\/uploads\/2020\/03\/Brice.jpg?resize=500%2C373&amp;ssl=1 500w, https:\/\/i0.wp.com\/www.birgit-gropp.de\/dev\/wp-content\/uploads\/2020\/03\/Brice.jpg?w=1940&amp;ssl=1 1940w\" sizes=\"(max-width: 970px) 100vw, 970px\" data-recalc-dims=\"1\" \/><\/td><td><strong>Brice Marden. Arbeiten auf Papier 1964\u20132001<\/strong><br>LWL-Museum f\u00fcr Kunst und Kulturgeschichte M\u00fcnster<br>Juni bis August 2002<br>(Mitarbeit)<\/td><\/tr><\/tbody><\/table><\/figure>\n\n\n\n<hr class=\"wp-block-separator\"\/>\n\n\n\n<figure class=\"wp-block-table tab_pic_up\"><table><tbody><tr><td><br><br><strong>Expressionistische Kunst aus Westfalen<\/strong><br>Sammlung der Westf\u00e4lischen Provinzial-Versicherungen<br>Schloss Corvey, H\u00f6xter, Mai bis August 2002<br>(Mitarbeit)<br><br><\/td><td><img data-attachment-id=\"424\" data-permalink=\"https:\/\/www.birgit-gropp.de\/?attachment_id=424\" data-orig-file=\"https:\/\/i1.wp.com\/www.birgit-gropp.de\/dev\/wp-content\/uploads\/2020\/03\/corvey.jpg?fit=740%2C748&amp;ssl=1\" data-orig-size=\"740,748\" data-comments-opened=\"0\" data-image-meta=\"{&quot;aperture&quot;:&quot;0&quot;,&quot;credit&quot;:&quot;&quot;,&quot;camera&quot;:&quot;&quot;,&quot;caption&quot;:&quot;&quot;,&quot;created_timestamp&quot;:&quot;1590425105&quot;,&quot;copyright&quot;:&quot;&quot;,&quot;focal_length&quot;:&quot;0&quot;,&quot;iso&quot;:&quot;0&quot;,&quot;shutter_speed&quot;:&quot;0&quot;,&quot;title&quot;:&quot;&quot;,&quot;orientation&quot;:&quot;1&quot;}\" data-image-title=\"corvey\" data-image-description=\"\" data-medium-file=\"https:\/\/i1.wp.com\/www.birgit-gropp.de\/dev\/wp-content\/uploads\/2020\/03\/corvey.jpg?fit=297%2C300&amp;ssl=1\" data-large-file=\"https:\/\/i1.wp.com\/www.birgit-gropp.de\/dev\/wp-content\/uploads\/2020\/03\/corvey.jpg?fit=740%2C748&amp;ssl=1\" loading=\"lazy\" width=\"740\" height=\"748\" class=\"wp-image-424\" style=\"width: 200px;\" src=\"https:\/\/i0.wp.com\/birgit-gropp.de\/dev\/wp-content\/uploads\/2020\/03\/corvey.jpg?resize=740%2C748\" alt=\"\" srcset=\"https:\/\/i1.wp.com\/www.birgit-gropp.de\/dev\/wp-content\/uploads\/2020\/03\/corvey.jpg?w=740&amp;ssl=1 740w, https:\/\/i1.wp.com\/www.birgit-gropp.de\/dev\/wp-content\/uploads\/2020\/03\/corvey.jpg?resize=297%2C300&amp;ssl=1 297w, https:\/\/i1.wp.com\/www.birgit-gropp.de\/dev\/wp-content\/uploads\/2020\/03\/corvey.jpg?resize=500%2C505&amp;ssl=1 500w\" sizes=\"(max-width: 740px) 100vw, 740px\" data-recalc-dims=\"1\" \/><\/td><\/tr><\/tbody><\/table><\/figure>\n\n\n\n<a name=\"sonstiges\"><\/a>\n","protected":false},"excerpt":{"rendered":"<p>Eigene PublikationenLektorat \/ RedaktionAusstellungen Publikationen Adel und Alltag um 1800Haus Harkotten auf dem Weg in die Modernehrsg. vom Verein Freunde und F\u00f6rderer des Denkmals Harkotten durch Birgit GroppImhof Verlag, Petersberg 2022Blick ins Buch Birgit Gropp\u201evon Rincklake gemalt\u201d und \u201eals Familienbilder zu betrachten\u201d.Portr\u00e4ts im Herrenhaus Harkotten-von Korffin: Saskia Timmas, Birgit Gropp, Walter G\u00f6ddenwir_sind_rincklakePortr\u00e4tmalerei im SelfiezeitalterAusst.-Kat. Liesborn\/Sassenberg\/Oelde [&hellip;]<\/p>\n","protected":false},"author":1,"featured_media":205,"comment_status":"closed","ping_status":"closed","sticky":false,"template":"","format":"standard","meta":{"spay_email":""},"categories":[1],"tags":[],"jetpack_featured_media_url":"https:\/\/i1.wp.com\/www.birgit-gropp.de\/dev\/wp-content\/uploads\/2020\/03\/DSC06468bc-scaled.jpg?fit=2560%2C1522&ssl=1","wps_subtitle":"","_links":{"self":[{"href":"https:\/\/www.birgit-gropp.de\/index.php?rest_route=\/wp\/v2\/posts\/81"}],"collection":[{"href":"https:\/\/www.birgit-gropp.de\/index.php?rest_route=\/wp\/v2\/posts"}],"about":[{"href":"https:\/\/www.birgit-gropp.de\/index.php?rest_route=\/wp\/v2\/types\/post"}],"author":[{"embeddable":true,"href":"https:\/\/www.birgit-gropp.de\/index.php?rest_route=\/wp\/v2\/users\/1"}],"replies":[{"embeddable":true,"href":"https:\/\/www.birgit-gropp.de\/index.php?rest_route=%2Fwp%2Fv2%2Fcomments&post=81"}],"version-history":[{"count":132,"href":"https:\/\/www.birgit-gropp.de\/index.php?rest_route=\/wp\/v2\/posts\/81\/revisions"}],"predecessor-version":[{"id":755,"href":"https:\/\/www.birgit-gropp.de\/index.php?rest_route=\/wp\/v2\/posts\/81\/revisions\/755"}],"wp:featuredmedia":[{"embeddable":true,"href":"https:\/\/www.birgit-gropp.de\/index.php?rest_route=\/wp\/v2\/media\/205"}],"wp:attachment":[{"href":"https:\/\/www.birgit-gropp.de\/index.php?rest_route=%2Fwp%2Fv2%2Fmedia&parent=81"}],"wp:term":[{"taxonomy":"category","embeddable":true,"href":"https:\/\/www.birgit-gropp.de\/index.php?rest_route=%2Fwp%2Fv2%2Fcategories&post=81"},{"taxonomy":"post_tag","embeddable":true,"href":"https:\/\/www.birgit-gropp.de\/index.php?rest_route=%2Fwp%2Fv2%2Ftags&post=81"}],"curies":[{"name":"wp","href":"https:\/\/api.w.org\/{rel}","templated":true}]}}